{"id":3350,"date":"2026-09-02T13:56:11","date_gmt":"2026-09-02T16:56:11","guid":{"rendered":"https:\/\/nacuia.org\/?p=3350"},"modified":"2026-09-02T14:01:24","modified_gmt":"2026-09-02T17:01:24","slug":"festival-ocupacao-amazonicidades-chega-a-castanhal-com-shows-de-jaloo-e-trilogia","status":"publish","type":"post","link":"https:\/\/nacuia.org\/pt_br\/festival-ocupacao-amazonicidades-chega-a-castanhal-com-shows-de-jaloo-e-trilogia\/","title":{"rendered":"Festival Ocupa\u00e7\u00e3o Amazonicidades chega a Castanhal com shows de Jaloo e Trilogia"},"content":{"rendered":"\t\t<div data-elementor-type=\"wp-post\" data-elementor-id=\"3350\" class=\"elementor elementor-3350\" data-elementor-post-type=\"post\">\n\t\t\t\t<div class=\"elementor-element elementor-element-3c13a4f e-flex e-con-boxed e-con e-parent\" data-id=\"3c13a4f\" data-element_type=\"container\" data-e-type=\"container\">\n\t\t\t\t\t<div class=\"e-con-inner\">\n\t\t\t\t<div class=\"elementor-element elementor-element-56bb03d elementor-widget elementor-widget-heading\" data-id=\"56bb03d\" data-element_type=\"widget\" data-e-type=\"widget\" data-widget_type=\"heading.default\">\n\t\t\t\t<div class=\"elementor-widget-container\">\n\t\t\t\t\t<h2 class=\"elementor-heading-title elementor-size-default\">Festival Ocupa\u00e7\u00e3o Amazonicidades chega a Castanhal com shows de Jaloo e Trilogia<\/h2>\t\t\t\t<\/div>\n\t\t\t\t<\/div>\n\t\t\t\t\t<\/div>\n\t\t\t\t<\/div>\n\t\t<div class=\"elementor-element elementor-element-84d05c6 e-flex e-con-boxed e-con e-parent\" data-id=\"84d05c6\" data-element_type=\"container\" data-e-type=\"container\">\n\t\t\t\t\t<div class=\"e-con-inner\">\n\t\t\t\t<div class=\"elementor-element elementor-element-3fcb013 elementor-widget elementor-widget-text-editor\" data-id=\"3fcb013\" data-element_type=\"widget\" data-e-type=\"widget\" data-widget_type=\"text-editor.default\">\n\t\t\t\t<div class=\"elementor-widget-container\">\n\t\t\t\t\t\t\t\t\t<p><em>Shows, masterclasses, palestras, feira criatova e exposi\u00e7\u00e3o fazem parte da programa\u00e7\u00e3o que acontecer\u00e1 entre os diss 2 e 5 de setembro. O evento recebe inscri\u00e7\u00f5es para tr\u00eas vagas \u00e0 mentoria com Geraldinho Magalh\u00e3es, produtor de Dona Onete e Faf\u00e1 de Bel\u00e9m.<\/em> <\/p>\t\t\t\t\t\t\t\t<\/div>\n\t\t\t\t<\/div>\n\t\t\t\t\t<\/div>\n\t\t\t\t<\/div>\n\t\t<div class=\"elementor-element elementor-element-0b98aa5 e-flex e-con-boxed e-con e-parent\" data-id=\"0b98aa5\" data-element_type=\"container\" data-e-type=\"container\">\n\t\t\t\t\t<div class=\"e-con-inner\">\n\t\t\t\t<div class=\"elementor-element elementor-element-5531c0f elementor-widget elementor-widget-text-editor\" data-id=\"5531c0f\" data-element_type=\"widget\" data-e-type=\"widget\" data-widget_type=\"text-editor.default\">\n\t\t\t\t<div class=\"elementor-widget-container\">\n\t\t\t\t\t\t\t\t\t<p>Castanhal, no Nordeste do Par\u00e1, receber\u00e1 a Ocupa\u00e7\u00e3o Amazonicidades, um festival de shows gratuitos com destaque \u00e0 cantora Jaloo, filha da cidade que retorna para o primeiro show ap\u00f3s construir uma carreira de sucesso em S\u00e3o Paulo; e ao projeto Trilogia de Nilson Chaves, Lucinnha Bastos e Mahrco Monteiro, com grandes cl\u00e1ssicos da rica m\u00fasica paraense e novos singles. O festival acontecer\u00e1 de 2 a 5 de setembro com programa\u00e7\u00e3o gratuita e abrangente, celebrando a diversidade e a for\u00e7a da cultura amaz\u00f4nica. Tr\u00eas novos talentos individuais e\/ou banda ou grupo ser\u00e3o selecionados para receber mentoria especializada para impulsionar as carreiras. O patroc\u00ednio \u00e9 da Vale por meio da Lei Federal de Incentivo \u00e0 Cultura &#8211; Lei Rouanet.<\/p><p>\u00a0<\/p><p>\u201cAmazonicidades nasce da sede de celebrar a diversidade da m\u00fasica amaz\u00f4nica, especialmente da paraense, com atividades gratuitas. Teremos palestras, mentoria, showcase, masterclasses, exposi\u00e7\u00e3o e pain\u00e9is nos dois primeiros dias da programa\u00e7\u00e3o, na sede da Escola de Artes da Amaz\u00f4nia Nazareno Moreira. Os shows de v\u00e1rios artistas da terra acontecer\u00e3o no palco Amaz\u00f4nia Centro do Mundo, instalado na Orla do Ape\u00fa, onde tamb\u00e9m teremos a exposi\u00e7\u00e3o Paisagem Sonora da Amaz\u00f4nia e a feira criativa\u201d, conta a coordenadora do festival, cantora e compositora \u00c9vila Moreira. \u201cA ocupa\u00e7\u00e3o vai compartilhar experi\u00eancias, conectar saberes e tecnologias amaz\u00f4nicas ao mercado musical, al\u00e9m de reafirmar a contribui\u00e7\u00e3o da m\u00fasica da Amaz\u00f4nia para a cultura brasileira\u201d.<\/p><p>\u00a0<\/p><h5>Inscri\u00e7\u00f5es<\/h5><p>Os dois primeiros dias do festival s\u00e3o destinados \u00e0s atividades formativas. A curadoria da Ocupa\u00e7\u00e3o Amazonicidades vai selecionar tr\u00eas novos talentos, entre artistas individuais, grupos ou bandas para a mentoria com Geraldinho Magalh\u00e3es, produtor de Dona Onete e Faf\u00e1 de Bel\u00e9m. Podem se candidatar pessoas com mais de 18 anos que comprovem pelo menos dois anos de resid\u00eancia no estado do Par\u00e1 e pelo menos um ano de trajet\u00f3ria musical. As inscri\u00e7\u00f5es ser\u00e3o abertas nesta ter\u00e7a-feira, 25, e encerradas na nesta quinta-feira, 27 de agosto, e podem ser feitas pelo link dispon\u00edvel na bio do Instagram <a href=\"https:\/\/www.instagram.com\/amazonicidades\" target=\"_blank\" rel=\"noopener\">@amazonicidades<\/a>. A sele\u00e7\u00e3o ser\u00e1 anunciada no domingo, 30 de agosto, e a mentoria acontecer\u00e1 na quinta-feira, 3 de setembro.<\/p><p>\u00a0<\/p><p>Tamb\u00e9m est\u00e3o abertas as inscri\u00e7\u00f5es para as seguintes atividades: Masterclass de \u201cGuitarras e sotaques amaz\u00f4nicos\u201d; \u201cViv\u00eancia de carimb\u00f3\u201d; e \u201cCaminhos da autogest\u00e3o para artistas independentes\u201d; palestras \u201cConflu\u00eancias de ritmos que formam a M\u00fasica do Par\u00e1\u201d e \u201cO mercado de composi\u00e7\u00e3o existe\/ Desvendando os Direitos Autorais\u201d; al\u00e9m dos pain\u00e9is \u201cEconomia criativa na Amaz\u00f4nia: profissionaliza\u00e7\u00e3o de carreiras, mercado nacional e internacional, mundo digital e LP\u201d e \u201cA m\u00fasica que se produz na Amaz\u00f4nia tamb\u00e9m constr\u00f3i o Brasil\u201d. As inscri\u00e7\u00f5es para essas atividades podem ser feitas pelo Whatsapp (91) 98807-2516 ou presencialmente na Escola de Arte da Amaz\u00f4nia Nazareno Moreira.<\/p><p>\u00a0<\/p><h5>Jaloo e Trilogia<\/h5><p>\u201cEu, finalmente, vou tocar na minha cidade natal. \u00c9 muita alegria, muita empolga\u00e7\u00e3o. T\u00f4 nervosa. Vai ser importante estar em Castanhal e olhar o rostinho de todo mundo que cresceu junto comigo\u201d, conta Jaloo, que assumiu o nome social de Jade Melo. A cantora nasceu e cresceu em Castanhal, tendo se mudado para a capital paulista h\u00e1 14 anos, onde consolidou a carreira. O show deve atrair grande p\u00fablico no encerramento do Amazonicidades, no s\u00e1bado, 5, a partir das 21h.<\/p><p>\u00a0<\/p><p>Jaloo soma cinco \u00e1lbuns publicados, entre individuais e com a banda Os Amantes (projeto da artista com a dupla Strobo, de L\u00e9o Chermont e Arthur Kunz), incluindo hits como \u201cQ.S.A\u201d com Gaby Amarantos e \u201cC\u00e9u Azul\u201d, assim como o disco rec\u00e9m sa\u00eddo do forno \u201cAmar, AMOR\u201d, lan\u00e7ado pelo grupo. \u201cO novo disco tem m\u00fasicas incr\u00edveis, est\u00e1 um sucesso. Um dos meus projetos atuais \u00e9 voltar mais para os estados do Norte do Brasil. Estou num momento muito maduro da minha carreira\u201d, declara.<\/p><p>\u00a0<\/p><p>J\u00e1 o Trilogia volta a Castanhal ap\u00f3s uma longa temporada, prometendo um show de puro saudosismo da m\u00fasica popular paraense, marcada por sonoridades, ritmos e refer\u00eancias que atravessam gera\u00e7\u00f5es e ajudam a construir a identidade cultural da Amaz\u00f4nia. \u201cO repert\u00f3rio vai ser o que o p\u00fablico gosta de ouvir: as releituras de can\u00e7\u00f5es conhecidas e algumas m\u00fasicas novas que a gente est\u00e1 lan\u00e7ando do Trilogia\u201d, comenta Nilson Chaves. Ele, Lucinnha Bastos e Mahrco Monteiro se preparam para entrar no est\u00fadio para gravar o novo \u00e1lbum.<\/p><p>\u00a0<\/p><p>\u201cO Trilogia completou 23 anos. Quando a gente come\u00e7ou o projeto, n\u00e3o imaginava que ia chegar a tantos \u00e1lbuns. A gente se entende muito bem, tem respeito um pelo trabalho do outro e somos f\u00e3s\u201d, destaca Lucinnha. A discografia inclui o triplo \u201cAvenida Nazar\u00e9\u201d\/ \u201cSacramenta Nazar\u00e9\u201d\/ \u201cBar do Parque\u201d; \u201cJurutiamar\u201d e o DVD \u201cA For\u00e7a que vem das Ruas\u201d. \u201cA nossa maior miss\u00e3o \u00e9 cantar. \u00c9 uma alegria em qualquer lugar que a gente v\u00e1, pois sempre tem um p\u00fablico interativo que conhece as m\u00fasicas todas. \u00c9 muito prazeroso, rico e rola um astral especial. Vai ser muito bom fazer esse show em Castanhal, a gente t\u00e1 muito feliz\u201d, celebra Mahrco.<\/p><p>\u00a0<\/p><h5>Patroc\u00ednio e realiza\u00e7\u00e3o<\/h5><p>A Ocupa\u00e7\u00e3o Amazonicidades \u00e9 viabilizada pela Lei Federal de Incentivo \u00e0 Cultura &#8211; Lei Rouanet, com patroc\u00ednio da Vale e apoio da Gratu Produtora, JCR Construtora e Incorporadora e Koi Sushi Art. A realiza\u00e7\u00e3o \u00e9 da Escola de Artes da Amaz\u00f4nia Nazareno Moreira e do Minist\u00e9rio da Cultura, governo federal.<\/p><p>\u00a0<\/p><h6>Sobre a Vale<\/h6><p>A Vale acredita que a cultura transforma vidas. Pelo quinto ano consecutivo \u00e9 a maior apoiadora privada da Cultura no Brasil, patrocinando e fomentando projetos em parcerias que promovem conex\u00f5es entre pessoas, iniciativas e territ\u00f3rios. Seu compromisso \u00e9 contribuir com uma cultura cada vez mais acess\u00edvel e plural, ao mesmo tempo em que atua para o fortalecimento da economia criativa.<\/p><p>\u00a0<\/p><h5>Servi\u00e7o:<\/h5><p>Festival Ocupa\u00e7\u00e3o Amazonicidades<\/p><p>Dias: 2, 3, 4 e 5 de setembro<br \/>Atividades formativas: na Escola de Artes da Amaz\u00f4nia Nazareno Moreira, em Castanhal; <br \/>Shows, exposi\u00e7\u00e3o e feira criativa: na orla do Ape\u00fa, em Castanhal<br \/>Entrada franca<\/p><p>\u00a0<\/p><h6>Reda\u00e7\u00e3o:<\/h6><p><em>Divulga\u00e7\u00e3o<\/em><\/p><h6>Foto de capa:<\/h6><p><em>Jaloo &#8211; Aloander Oliveira<\/em><\/p><p><em>Trilogia: Tony Gon\u00e7alves<\/em><\/p>\t\t\t\t\t\t\t\t<\/div>\n\t\t\t\t<\/div>\n\t\t\t\t\t<\/div>\n\t\t\t\t<\/div>\n\t\t\t\t<\/div>\n\t\t","protected":false},"excerpt":{"rendered":"<p>Festival Ocupa\u00e7\u00e3o Amazonicidades chega a Castanhal com shows de Jaloo e Trilogia Shows, masterclasses, palestras, feira criatova e exposi\u00e7\u00e3o fazem parte da programa\u00e7\u00e3o que acontecer\u00e1 entre os diss 2 e 5 de setembro. O evento recebe inscri\u00e7\u00f5es para tr\u00eas vagas \u00e0 mentoria com Geraldinho Magalh\u00e3es, produtor de Dona Onete e Faf\u00e1 de Bel\u00e9m. Castanhal, no [&hellip;]<\/p>\n","protected":false},"author":51,"featured_media":3351,"comment_status":"open","ping_status":"open","sticky":false,"template":"","format":"standard","meta":{"footnotes":""},"categories":[12],"tags":[11],"class_list":["post-3350","post","type-post","status-publish","format-standard","has-post-thumbnail","hentry","category-noticias","tag-noticias"],"yoast_head":"<!-- This site is optimized with the Yoast SEO plugin v27.8 - https:\/\/yoast.com\/product\/yoast-seo-wordpress\/ -->\n<title>Festival Ocupa\u00e7\u00e3o Amazonicidades chega a Castanhal com shows de Jaloo e Trilogia - NA CUIA<\/title>\n<meta name=\"robots\" content=\"index, follow, max-snippet:-1, max-image-preview:large, max-video-preview:-1\" \/>\n<link rel=\"canonical\" href=\"https:\/\/nacuia.org\/pt_br\/festival-ocupacao-amazonicidades-chega-a-castanhal-com-shows-de-jaloo-e-trilogia\/\" \/>\n<meta property=\"og:locale\" content=\"pt_BR\" \/>\n<meta property=\"og:type\" content=\"article\" \/>\n<meta property=\"og:title\" content=\"Festival Ocupa\u00e7\u00e3o Amazonicidades chega a Castanhal com shows de Jaloo e Trilogia - NA CUIA\" \/>\n<meta property=\"og:description\" content=\"Festival Ocupa\u00e7\u00e3o Amazonicidades chega a Castanhal com shows de Jaloo e Trilogia Shows, masterclasses, palestras, feira criatova e exposi\u00e7\u00e3o fazem parte da programa\u00e7\u00e3o que acontecer\u00e1 entre os diss 2 e 5 de setembro. O evento recebe inscri\u00e7\u00f5es para tr\u00eas vagas \u00e0 mentoria com Geraldinho Magalh\u00e3es, produtor de Dona Onete e Faf\u00e1 de Bel\u00e9m. Castanhal, no [&hellip;]\" \/>\n<meta property=\"og:url\" content=\"https:\/\/nacuia.org\/pt_br\/festival-ocupacao-amazonicidades-chega-a-castanhal-com-shows-de-jaloo-e-trilogia\/\" \/>\n<meta property=\"og:site_name\" content=\"NA CUIA\" \/>\n<meta property=\"article:published_time\" content=\"2026-09-02T16:56:11+00:00\" \/>\n<meta property=\"article:modified_time\" content=\"2026-09-02T17:01:24+00:00\" \/>\n<meta property=\"og:image\" content=\"https:\/\/nacuia.org\/wp-content\/uploads\/2026\/09\/MyImage-1788368071-00.jpg\" \/>\n\t<meta property=\"og:image:width\" content=\"1080\" \/>\n\t<meta property=\"og:image:height\" content=\"565\" \/>\n\t<meta property=\"og:image:type\" content=\"image\/jpeg\" \/>\n<meta name=\"author\" content=\"Na Cuia\" \/>\n<meta name=\"twitter:card\" content=\"summary_large_image\" \/>\n<meta name=\"twitter:label1\" content=\"Escrito por\" \/>\n\t<meta name=\"twitter:data1\" content=\"Na Cuia\" \/>\n\t<meta name=\"twitter:label2\" content=\"Est. tempo de leitura\" \/>\n\t<meta name=\"twitter:data2\" content=\"6 minutos\" \/>\n<script type=\"application\/ld+json\" class=\"yoast-schema-graph\">{\"@context\":\"https:\\\/\\\/schema.org\",\"@graph\":[{\"@type\":\"Article\",\"@id\":\"https:\\\/\\\/nacuia.org\\\/festival-ocupacao-amazonicidades-chega-a-castanhal-com-shows-de-jaloo-e-trilogia\\\/#article\",\"isPartOf\":{\"@id\":\"https:\\\/\\\/nacuia.org\\\/festival-ocupacao-amazonicidades-chega-a-castanhal-com-shows-de-jaloo-e-trilogia\\\/\"},\"author\":{\"name\":\"Na Cuia\",\"@id\":\"https:\\\/\\\/nacuia.org\\\/#\\\/schema\\\/person\\\/f6b09615b210d21cff146a50e010dfa9\"},\"headline\":\"Festival Ocupa\u00e7\u00e3o Amazonicidades chega a Castanhal com shows de Jaloo e Trilogia\",\"datePublished\":\"2026-09-02T16:56:11+00:00\",\"dateModified\":\"2026-09-02T17:01:24+00:00\",\"mainEntityOfPage\":{\"@id\":\"https:\\\/\\\/nacuia.org\\\/festival-ocupacao-amazonicidades-chega-a-castanhal-com-shows-de-jaloo-e-trilogia\\\/\"},\"wordCount\":1115,\"commentCount\":0,\"image\":{\"@id\":\"https:\\\/\\\/nacuia.org\\\/festival-ocupacao-amazonicidades-chega-a-castanhal-com-shows-de-jaloo-e-trilogia\\\/#primaryimage\"},\"thumbnailUrl\":\"https:\\\/\\\/nacuia.org\\\/wp-content\\\/uploads\\\/2026\\\/09\\\/MyImage-1788368071-00.jpg\",\"keywords\":[\"Noticias\"],\"articleSection\":[\"Noticias\"],\"inLanguage\":\"pt-BR\",\"potentialAction\":[{\"@type\":\"CommentAction\",\"name\":\"Comment\",\"target\":[\"https:\\\/\\\/nacuia.org\\\/festival-ocupacao-amazonicidades-chega-a-castanhal-com-shows-de-jaloo-e-trilogia\\\/#respond\"]}]},{\"@type\":\"WebPage\",\"@id\":\"https:\\\/\\\/nacuia.org\\\/festival-ocupacao-amazonicidades-chega-a-castanhal-com-shows-de-jaloo-e-trilogia\\\/\",\"url\":\"https:\\\/\\\/nacuia.org\\\/festival-ocupacao-amazonicidades-chega-a-castanhal-com-shows-de-jaloo-e-trilogia\\\/\",\"name\":\"Festival Ocupa\u00e7\u00e3o Amazonicidades chega a Castanhal com shows de Jaloo e Trilogia - NA CUIA\",\"isPartOf\":{\"@id\":\"https:\\\/\\\/nacuia.org\\\/#website\"},\"primaryImageOfPage\":{\"@id\":\"https:\\\/\\\/nacuia.org\\\/festival-ocupacao-amazonicidades-chega-a-castanhal-com-shows-de-jaloo-e-trilogia\\\/#primaryimage\"},\"image\":{\"@id\":\"https:\\\/\\\/nacuia.org\\\/festival-ocupacao-amazonicidades-chega-a-castanhal-com-shows-de-jaloo-e-trilogia\\\/#primaryimage\"},\"thumbnailUrl\":\"https:\\\/\\\/nacuia.org\\\/wp-content\\\/uploads\\\/2026\\\/09\\\/MyImage-1788368071-00.jpg\",\"datePublished\":\"2026-09-02T16:56:11+00:00\",\"dateModified\":\"2026-09-02T17:01:24+00:00\",\"author\":{\"@id\":\"https:\\\/\\\/nacuia.org\\\/#\\\/schema\\\/person\\\/f6b09615b210d21cff146a50e010dfa9\"},\"breadcrumb\":{\"@id\":\"https:\\\/\\\/nacuia.org\\\/festival-ocupacao-amazonicidades-chega-a-castanhal-com-shows-de-jaloo-e-trilogia\\\/#breadcrumb\"},\"inLanguage\":\"pt-BR\",\"potentialAction\":[{\"@type\":\"ReadAction\",\"target\":[\"https:\\\/\\\/nacuia.org\\\/festival-ocupacao-amazonicidades-chega-a-castanhal-com-shows-de-jaloo-e-trilogia\\\/\"]}]},{\"@type\":\"ImageObject\",\"inLanguage\":\"pt-BR\",\"@id\":\"https:\\\/\\\/nacuia.org\\\/festival-ocupacao-amazonicidades-chega-a-castanhal-com-shows-de-jaloo-e-trilogia\\\/#primaryimage\",\"url\":\"https:\\\/\\\/nacuia.org\\\/wp-content\\\/uploads\\\/2026\\\/09\\\/MyImage-1788368071-00.jpg\",\"contentUrl\":\"https:\\\/\\\/nacuia.org\\\/wp-content\\\/uploads\\\/2026\\\/09\\\/MyImage-1788368071-00.jpg\",\"width\":1080,\"height\":565},{\"@type\":\"BreadcrumbList\",\"@id\":\"https:\\\/\\\/nacuia.org\\\/festival-ocupacao-amazonicidades-chega-a-castanhal-com-shows-de-jaloo-e-trilogia\\\/#breadcrumb\",\"itemListElement\":[{\"@type\":\"ListItem\",\"position\":1,\"name\":\"In\u00edcio\",\"item\":\"https:\\\/\\\/nacuia.org\\\/\"},{\"@type\":\"ListItem\",\"position\":2,\"name\":\"Festival Ocupa\u00e7\u00e3o Amazonicidades chega a Castanhal com shows de Jaloo e Trilogia\"}]},{\"@type\":\"WebSite\",\"@id\":\"https:\\\/\\\/nacuia.org\\\/#website\",\"url\":\"https:\\\/\\\/nacuia.org\\\/\",\"name\":\"NA CUIA\",\"description\":\"Associa\u00e7\u00e3o Cultural\",\"potentialAction\":[{\"@type\":\"SearchAction\",\"target\":{\"@type\":\"EntryPoint\",\"urlTemplate\":\"https:\\\/\\\/nacuia.org\\\/?s={search_term_string}\"},\"query-input\":{\"@type\":\"PropertyValueSpecification\",\"valueRequired\":true,\"valueName\":\"search_term_string\"}}],\"inLanguage\":\"pt-BR\"},{\"@type\":\"Person\",\"@id\":\"https:\\\/\\\/nacuia.org\\\/#\\\/schema\\\/person\\\/f6b09615b210d21cff146a50e010dfa9\",\"name\":\"Na Cuia\",\"image\":{\"@type\":\"ImageObject\",\"inLanguage\":\"pt-BR\",\"@id\":\"https:\\\/\\\/secure.gravatar.com\\\/avatar\\\/5a41734253c9c76f065baa34f506b467e9ad7ae772f9b49b75d4790ab4e50666?s=96&d=mm&r=g\",\"url\":\"https:\\\/\\\/secure.gravatar.com\\\/avatar\\\/5a41734253c9c76f065baa34f506b467e9ad7ae772f9b49b75d4790ab4e50666?s=96&d=mm&r=g\",\"contentUrl\":\"https:\\\/\\\/secure.gravatar.com\\\/avatar\\\/5a41734253c9c76f065baa34f506b467e9ad7ae772f9b49b75d4790ab4e50666?s=96&d=mm&r=g\",\"caption\":\"Na Cuia\"},\"sameAs\":[\"https:\\\/\\\/nacuia.org\\\/pt_br\\\/\"],\"url\":\"https:\\\/\\\/nacuia.org\\\/pt_br\\\/author\\\/na-cuia\\\/\"}]}<\/script>\n<!-- \/ Yoast SEO plugin. -->","yoast_head_json":{"title":"Festival Ocupa\u00e7\u00e3o Amazonicidades chega a Castanhal com shows de Jaloo e Trilogia - NA CUIA","robots":{"index":"index","follow":"follow","max-snippet":"max-snippet:-1","max-image-preview":"max-image-preview:large","max-video-preview":"max-video-preview:-1"},"canonical":"https:\/\/nacuia.org\/pt_br\/festival-ocupacao-amazonicidades-chega-a-castanhal-com-shows-de-jaloo-e-trilogia\/","og_locale":"pt_BR","og_type":"article","og_title":"Festival Ocupa\u00e7\u00e3o Amazonicidades chega a Castanhal com shows de Jaloo e Trilogia - NA CUIA","og_description":"Festival Ocupa\u00e7\u00e3o Amazonicidades chega a Castanhal com shows de Jaloo e Trilogia Shows, masterclasses, palestras, feira criatova e exposi\u00e7\u00e3o fazem parte da programa\u00e7\u00e3o que acontecer\u00e1 entre os diss 2 e 5 de setembro. O evento recebe inscri\u00e7\u00f5es para tr\u00eas vagas \u00e0 mentoria com Geraldinho Magalh\u00e3es, produtor de Dona Onete e Faf\u00e1 de Bel\u00e9m. Castanhal, no [&hellip;]","og_url":"https:\/\/nacuia.org\/pt_br\/festival-ocupacao-amazonicidades-chega-a-castanhal-com-shows-de-jaloo-e-trilogia\/","og_site_name":"NA CUIA","article_published_time":"2026-09-02T16:56:11+00:00","article_modified_time":"2026-09-02T17:01:24+00:00","og_image":[{"width":1080,"height":565,"url":"https:\/\/nacuia.org\/wp-content\/uploads\/2026\/09\/MyImage-1788368071-00.jpg","type":"image\/jpeg"}],"author":"Na Cuia","twitter_card":"summary_large_image","twitter_misc":{"Escrito por":"Na Cuia","Est. tempo de leitura":"6 minutos"},"schema":{"@context":"https:\/\/schema.org","@graph":[{"@type":"Article","@id":"https:\/\/nacuia.org\/festival-ocupacao-amazonicidades-chega-a-castanhal-com-shows-de-jaloo-e-trilogia\/#article","isPartOf":{"@id":"https:\/\/nacuia.org\/festival-ocupacao-amazonicidades-chega-a-castanhal-com-shows-de-jaloo-e-trilogia\/"},"author":{"name":"Na Cuia","@id":"https:\/\/nacuia.org\/#\/schema\/person\/f6b09615b210d21cff146a50e010dfa9"},"headline":"Festival Ocupa\u00e7\u00e3o Amazonicidades chega a Castanhal com shows de Jaloo e Trilogia","datePublished":"2026-09-02T16:56:11+00:00","dateModified":"2026-09-02T17:01:24+00:00","mainEntityOfPage":{"@id":"https:\/\/nacuia.org\/festival-ocupacao-amazonicidades-chega-a-castanhal-com-shows-de-jaloo-e-trilogia\/"},"wordCount":1115,"commentCount":0,"image":{"@id":"https:\/\/nacuia.org\/festival-ocupacao-amazonicidades-chega-a-castanhal-com-shows-de-jaloo-e-trilogia\/#primaryimage"},"thumbnailUrl":"https:\/\/nacuia.org\/wp-content\/uploads\/2026\/09\/MyImage-1788368071-00.jpg","keywords":["Noticias"],"articleSection":["Noticias"],"inLanguage":"pt-BR","potentialAction":[{"@type":"CommentAction","name":"Comment","target":["https:\/\/nacuia.org\/festival-ocupacao-amazonicidades-chega-a-castanhal-com-shows-de-jaloo-e-trilogia\/#respond"]}]},{"@type":"WebPage","@id":"https:\/\/nacuia.org\/festival-ocupacao-amazonicidades-chega-a-castanhal-com-shows-de-jaloo-e-trilogia\/","url":"https:\/\/nacuia.org\/festival-ocupacao-amazonicidades-chega-a-castanhal-com-shows-de-jaloo-e-trilogia\/","name":"Festival Ocupa\u00e7\u00e3o Amazonicidades chega a Castanhal com shows de Jaloo e Trilogia - NA CUIA","isPartOf":{"@id":"https:\/\/nacuia.org\/#website"},"primaryImageOfPage":{"@id":"https:\/\/nacuia.org\/festival-ocupacao-amazonicidades-chega-a-castanhal-com-shows-de-jaloo-e-trilogia\/#primaryimage"},"image":{"@id":"https:\/\/nacuia.org\/festival-ocupacao-amazonicidades-chega-a-castanhal-com-shows-de-jaloo-e-trilogia\/#primaryimage"},"thumbnailUrl":"https:\/\/nacuia.org\/wp-content\/uploads\/2026\/09\/MyImage-1788368071-00.jpg","datePublished":"2026-09-02T16:56:11+00:00","dateModified":"2026-09-02T17:01:24+00:00","author":{"@id":"https:\/\/nacuia.org\/#\/schema\/person\/f6b09615b210d21cff146a50e010dfa9"},"breadcrumb":{"@id":"https:\/\/nacuia.org\/festival-ocupacao-amazonicidades-chega-a-castanhal-com-shows-de-jaloo-e-trilogia\/#breadcrumb"},"inLanguage":"pt-BR","potentialAction":[{"@type":"ReadAction","target":["https:\/\/nacuia.org\/festival-ocupacao-amazonicidades-chega-a-castanhal-com-shows-de-jaloo-e-trilogia\/"]}]},{"@type":"ImageObject","inLanguage":"pt-BR","@id":"https:\/\/nacuia.org\/festival-ocupacao-amazonicidades-chega-a-castanhal-com-shows-de-jaloo-e-trilogia\/#primaryimage","url":"https:\/\/nacuia.org\/wp-content\/uploads\/2026\/09\/MyImage-1788368071-00.jpg","contentUrl":"https:\/\/nacuia.org\/wp-content\/uploads\/2026\/09\/MyImage-1788368071-00.jpg","width":1080,"height":565},{"@type":"BreadcrumbList","@id":"https:\/\/nacuia.org\/festival-ocupacao-amazonicidades-chega-a-castanhal-com-shows-de-jaloo-e-trilogia\/#breadcrumb","itemListElement":[{"@type":"ListItem","position":1,"name":"In\u00edcio","item":"https:\/\/nacuia.org\/"},{"@type":"ListItem","position":2,"name":"Festival Ocupa\u00e7\u00e3o Amazonicidades chega a Castanhal com shows de Jaloo e Trilogia"}]},{"@type":"WebSite","@id":"https:\/\/nacuia.org\/#website","url":"https:\/\/nacuia.org\/","name":"NA CUIA","description":"Associa\u00e7\u00e3o Cultural","potentialAction":[{"@type":"SearchAction","target":{"@type":"EntryPoint","urlTemplate":"https:\/\/nacuia.org\/?s={search_term_string}"},"query-input":{"@type":"PropertyValueSpecification","valueRequired":true,"valueName":"search_term_string"}}],"inLanguage":"pt-BR"},{"@type":"Person","@id":"https:\/\/nacuia.org\/#\/schema\/person\/f6b09615b210d21cff146a50e010dfa9","name":"Na Cuia","image":{"@type":"ImageObject","inLanguage":"pt-BR","@id":"https:\/\/secure.gravatar.com\/avatar\/5a41734253c9c76f065baa34f506b467e9ad7ae772f9b49b75d4790ab4e50666?s=96&d=mm&r=g","url":"https:\/\/secure.gravatar.com\/avatar\/5a41734253c9c76f065baa34f506b467e9ad7ae772f9b49b75d4790ab4e50666?s=96&d=mm&r=g","contentUrl":"https:\/\/secure.gravatar.com\/avatar\/5a41734253c9c76f065baa34f506b467e9ad7ae772f9b49b75d4790ab4e50666?s=96&d=mm&r=g","caption":"Na Cuia"},"sameAs":["https:\/\/nacuia.org\/pt_br\/"],"url":"https:\/\/nacuia.org\/pt_br\/author\/na-cuia\/"}]}},"_links":{"self":[{"href":"https:\/\/nacuia.org\/pt_br\/wp-json\/wp\/v2\/posts\/3350","targetHints":{"allow":["GET"]}}],"collection":[{"href":"https:\/\/nacuia.org\/pt_br\/wp-json\/wp\/v2\/posts"}],"about":[{"href":"https:\/\/nacuia.org\/pt_br\/wp-json\/wp\/v2\/types\/post"}],"author":[{"embeddable":true,"href":"https:\/\/nacuia.org\/pt_br\/wp-json\/wp\/v2\/users\/51"}],"replies":[{"embeddable":true,"href":"https:\/\/nacuia.org\/pt_br\/wp-json\/wp\/v2\/comments?post=3350"}],"version-history":[{"count":7,"href":"https:\/\/nacuia.org\/pt_br\/wp-json\/wp\/v2\/posts\/3350\/revisions"}],"predecessor-version":[{"id":3358,"href":"https:\/\/nacuia.org\/pt_br\/wp-json\/wp\/v2\/posts\/3350\/revisions\/3358"}],"wp:featuredmedia":[{"embeddable":true,"href":"https:\/\/nacuia.org\/pt_br\/wp-json\/wp\/v2\/media\/3351"}],"wp:attachment":[{"href":"https:\/\/nacuia.org\/pt_br\/wp-json\/wp\/v2\/media?parent=3350"}],"wp:term":[{"taxonomy":"category","embeddable":true,"href":"https:\/\/nacuia.org\/pt_br\/wp-json\/wp\/v2\/categories?post=3350"},{"taxonomy":"post_tag","embeddable":true,"href":"https:\/\/nacuia.org\/pt_br\/wp-json\/wp\/v2\/tags?post=3350"}],"curies":[{"name":"wp","href":"https:\/\/api.w.org\/{rel}","templated":true}]}}