{"id":3335,"date":"2026-09-01T17:18:25","date_gmt":"2026-09-01T20:18:25","guid":{"rendered":"https:\/\/nacuia.org\/?p=3335"},"modified":"2026-09-01T17:36:52","modified_gmt":"2026-09-01T20:36:52","slug":"dj-dinho-da-aparelhagem-tupinamba-abre-inscricoes-para-curso-gratuito-de-dj-em-belem","status":"publish","type":"post","link":"https:\/\/nacuia.org\/pt_br\/dj-dinho-da-aparelhagem-tupinamba-abre-inscricoes-para-curso-gratuito-de-dj-em-belem\/","title":{"rendered":"DJ Dinho, da aparelhagem Tupinamb\u00e1, abre inscri\u00e7\u00f5es para curso gratuito de DJ em Bel\u00e9m"},"content":{"rendered":"\t\t<div data-elementor-type=\"wp-post\" data-elementor-id=\"3335\" class=\"elementor elementor-3335\" data-elementor-post-type=\"post\">\n\t\t\t\t<div class=\"elementor-element elementor-element-5b0605b e-flex e-con-boxed e-con e-parent\" data-id=\"5b0605b\" data-element_type=\"container\" data-e-type=\"container\">\n\t\t\t\t\t<div class=\"e-con-inner\">\n\t\t\t\t<div class=\"elementor-element elementor-element-08e049a elementor-widget elementor-widget-heading\" data-id=\"08e049a\" data-element_type=\"widget\" data-e-type=\"widget\" data-widget_type=\"heading.default\">\n\t\t\t\t<div class=\"elementor-widget-container\">\n\t\t\t\t\t<h2 class=\"elementor-heading-title elementor-size-default\">DJ Dinho, da aparelhagem Tupinamb\u00e1, abre inscri\u00e7\u00f5es para curso gratuito de DJ em Bel\u00e9m<\/h2>\t\t\t\t<\/div>\n\t\t\t\t<\/div>\n\t\t\t\t\t<\/div>\n\t\t\t\t<\/div>\n\t\t<div class=\"elementor-element elementor-element-8baa1d3 e-flex e-con-boxed e-con e-parent\" data-id=\"8baa1d3\" data-element_type=\"container\" data-e-type=\"container\">\n\t\t\t\t\t<div class=\"e-con-inner\">\n\t\t\t\t\t<\/div>\n\t\t\t\t<\/div>\n\t\t<div class=\"elementor-element elementor-element-d1cd8fb e-flex e-con-boxed e-con e-parent\" data-id=\"d1cd8fb\" data-element_type=\"container\" data-e-type=\"container\">\n\t\t\t\t\t<div class=\"e-con-inner\">\n\t\t\t\t<div class=\"elementor-element elementor-element-17e685c elementor-widget-mobile__width-initial elementor-widget elementor-widget-text-editor\" data-id=\"17e685c\" data-element_type=\"widget\" data-e-type=\"widget\" data-widget_type=\"text-editor.default\">\n\t\t\t\t<div class=\"elementor-widget-container\">\n\t\t\t\t\t\t\t\t\t<p>O sonho de viver da m\u00fasica pode come\u00e7ar com uma oportunidade de forma\u00e7\u00e3o. O DJ Dinho, da tradicional aparelhagem paraense Tupinamb\u00e1, em parceria com o Instituto IBRA abriu inscri\u00e7\u00f5es para um curso de DJ voltado para jovens de 14 a 24 anos em Bel\u00e9m.<\/p>\n<p>\u00a0<\/p>\n<p>A iniciativa oferece uma oportunidade para quem deseja conhecer de perto o universo da m\u00fasica, aprender t\u00e9cnicas de DJ, desenvolver a criatividade e dar os primeiros passos na carreira art\u00edstica. As aulas ter\u00e3o car\u00e1ter pr\u00e1tico e ser\u00e3o realizadas presencialmente.<\/p>\n<p>\u00a0<\/p>\n<p>Ao todo, s\u00e3o 15 vagas dispon\u00edveis, sendo 10 para o p\u00fablico geral e cinco destinadas a pessoas com defici\u00eancia (PCD). Podem participar jovens com idade entre 14 e 24 anos.<\/p>\n<p>\u00a0<\/p>\n<p>As inscri\u00e7\u00f5es estar\u00e3o abertas de 7 a 15 de setembro de 2026. O in\u00edcio das aulas est\u00e1 previsto para 6 de outubro, com encontros \u00e0s ter\u00e7as e quintas-feiras, das 15h \u00e0s 17h.<\/p>\n<p>\u00a0<\/p>\n<p>As atividades ser\u00e3o realizadas na Avenida Dalva, n\u00ba 716, no bairro Marambaia, em Bel\u00e9m.<\/p>\n<p>\u00a0<\/p>\n<h5>Servi\u00e7o<\/h5>\n<h6>Curso de DJ \u2013 Instituto IBRA e DJ Dinho<\/h6>\n<p>Inscri\u00e7\u00f5es: 7 a 15 de setembro de 2026<\/p>\n<p>In\u00edcio das aulas: 6 de outubro de 2026<\/p>\n<p>Aulas: ter\u00e7as e quintas, das 15h \u00e0s 17h<\/p>\n<p>Local: Av. Dalva, 716 \u2013 Marambaia, Bel\u00e9m<\/p>\n<p>P\u00fablico: jovens de 14 a 24 anos<\/p>\n<p>Vagas: 15, sendo 10 gerais<\/p>\n<p>e 5 para PCD.\u00a0<\/p>\n<p>\u00a0<\/p>\n<h6>Reda\u00e7\u00e3o e foto de capa:<\/h6>\n<p><em>Divulga\u00e7\u00e3o.<\/em><\/p>\t\t\t\t\t\t\t\t<\/div>\n\t\t\t\t<\/div>\n\t\t\t\t\t<\/div>\n\t\t\t\t<\/div>\n\t\t\t\t<\/div>\n\t\t","protected":false},"excerpt":{"rendered":"<p>DJ Dinho, da aparelhagem Tupinamb\u00e1, abre inscri\u00e7\u00f5es para curso gratuito de DJ em Bel\u00e9m O sonho de viver da m\u00fasica pode come\u00e7ar com uma oportunidade de forma\u00e7\u00e3o. O DJ Dinho, da tradicional aparelhagem paraense Tupinamb\u00e1, em parceria com o Instituto IBRA abriu inscri\u00e7\u00f5es para um curso de DJ voltado para jovens de 14 a 24 [&hellip;]<\/p>\n","protected":false},"author":51,"featured_media":3338,"comment_status":"open","ping_status":"open","sticky":false,"template":"","format":"standard","meta":{"footnotes":""},"categories":[12],"tags":[11],"class_list":["post-3335","post","type-post","status-publish","format-standard","has-post-thumbnail","hentry","category-noticias","tag-noticias"],"yoast_head":"<!-- This site is optimized with the Yoast SEO plugin v27.8 - https:\/\/yoast.com\/product\/yoast-seo-wordpress\/ -->\n<title>DJ Dinho, da aparelhagem Tupinamb\u00e1, abre inscri\u00e7\u00f5es para curso gratuito de DJ em Bel\u00e9m - NA CUIA<\/title>\n<meta name=\"robots\" content=\"index, follow, max-snippet:-1, max-image-preview:large, max-video-preview:-1\" \/>\n<link rel=\"canonical\" href=\"https:\/\/nacuia.org\/pt_br\/dj-dinho-da-aparelhagem-tupinamba-abre-inscricoes-para-curso-gratuito-de-dj-em-belem\/\" \/>\n<meta property=\"og:locale\" content=\"pt_BR\" \/>\n<meta property=\"og:type\" content=\"article\" \/>\n<meta property=\"og:title\" content=\"DJ Dinho, da aparelhagem Tupinamb\u00e1, abre inscri\u00e7\u00f5es para curso gratuito de DJ em Bel\u00e9m - NA CUIA\" \/>\n<meta property=\"og:description\" content=\"DJ Dinho, da aparelhagem Tupinamb\u00e1, abre inscri\u00e7\u00f5es para curso gratuito de DJ em Bel\u00e9m O sonho de viver da m\u00fasica pode come\u00e7ar com uma oportunidade de forma\u00e7\u00e3o. O DJ Dinho, da tradicional aparelhagem paraense Tupinamb\u00e1, em parceria com o Instituto IBRA abriu inscri\u00e7\u00f5es para um curso de DJ voltado para jovens de 14 a 24 [&hellip;]\" \/>\n<meta property=\"og:url\" content=\"https:\/\/nacuia.org\/pt_br\/dj-dinho-da-aparelhagem-tupinamba-abre-inscricoes-para-curso-gratuito-de-dj-em-belem\/\" \/>\n<meta property=\"og:site_name\" content=\"NA CUIA\" \/>\n<meta property=\"article:published_time\" content=\"2026-09-01T20:18:25+00:00\" \/>\n<meta property=\"article:modified_time\" content=\"2026-09-01T20:36:52+00:00\" \/>\n<meta property=\"og:image\" content=\"https:\/\/nacuia.org\/wp-content\/uploads\/2026\/09\/IMG-20260901-WA0017.jpg\" \/>\n\t<meta property=\"og:image:width\" content=\"900\" \/>\n\t<meta property=\"og:image:height\" content=\"1600\" \/>\n\t<meta property=\"og:image:type\" content=\"image\/jpeg\" \/>\n<meta name=\"author\" content=\"Na Cuia\" \/>\n<meta name=\"twitter:card\" content=\"summary_large_image\" \/>\n<meta name=\"twitter:label1\" content=\"Escrito por\" \/>\n\t<meta name=\"twitter:data1\" content=\"Na Cuia\" \/>\n\t<meta name=\"twitter:label2\" content=\"Est. tempo de leitura\" \/>\n\t<meta name=\"twitter:data2\" content=\"2 minutos\" \/>\n<script type=\"application\/ld+json\" class=\"yoast-schema-graph\">{\"@context\":\"https:\\\/\\\/schema.org\",\"@graph\":[{\"@type\":\"Article\",\"@id\":\"https:\\\/\\\/nacuia.org\\\/dj-dinho-da-aparelhagem-tupinamba-abre-inscricoes-para-curso-gratuito-de-dj-em-belem\\\/#article\",\"isPartOf\":{\"@id\":\"https:\\\/\\\/nacuia.org\\\/dj-dinho-da-aparelhagem-tupinamba-abre-inscricoes-para-curso-gratuito-de-dj-em-belem\\\/\"},\"author\":{\"name\":\"Na Cuia\",\"@id\":\"https:\\\/\\\/nacuia.org\\\/#\\\/schema\\\/person\\\/f6b09615b210d21cff146a50e010dfa9\"},\"headline\":\"DJ Dinho, da aparelhagem Tupinamb\u00e1, abre inscri\u00e7\u00f5es para curso gratuito de DJ em Bel\u00e9m\",\"datePublished\":\"2026-09-01T20:18:25+00:00\",\"dateModified\":\"2026-09-01T20:36:52+00:00\",\"mainEntityOfPage\":{\"@id\":\"https:\\\/\\\/nacuia.org\\\/dj-dinho-da-aparelhagem-tupinamba-abre-inscricoes-para-curso-gratuito-de-dj-em-belem\\\/\"},\"wordCount\":260,\"commentCount\":0,\"image\":{\"@id\":\"https:\\\/\\\/nacuia.org\\\/dj-dinho-da-aparelhagem-tupinamba-abre-inscricoes-para-curso-gratuito-de-dj-em-belem\\\/#primaryimage\"},\"thumbnailUrl\":\"https:\\\/\\\/nacuia.org\\\/wp-content\\\/uploads\\\/2026\\\/09\\\/IMG-20260901-WA0017.jpg\",\"keywords\":[\"Noticias\"],\"articleSection\":[\"Noticias\"],\"inLanguage\":\"pt-BR\",\"potentialAction\":[{\"@type\":\"CommentAction\",\"name\":\"Comment\",\"target\":[\"https:\\\/\\\/nacuia.org\\\/dj-dinho-da-aparelhagem-tupinamba-abre-inscricoes-para-curso-gratuito-de-dj-em-belem\\\/#respond\"]}]},{\"@type\":\"WebPage\",\"@id\":\"https:\\\/\\\/nacuia.org\\\/dj-dinho-da-aparelhagem-tupinamba-abre-inscricoes-para-curso-gratuito-de-dj-em-belem\\\/\",\"url\":\"https:\\\/\\\/nacuia.org\\\/dj-dinho-da-aparelhagem-tupinamba-abre-inscricoes-para-curso-gratuito-de-dj-em-belem\\\/\",\"name\":\"DJ Dinho, da aparelhagem Tupinamb\u00e1, abre inscri\u00e7\u00f5es para curso gratuito de DJ em Bel\u00e9m - NA CUIA\",\"isPartOf\":{\"@id\":\"https:\\\/\\\/nacuia.org\\\/#website\"},\"primaryImageOfPage\":{\"@id\":\"https:\\\/\\\/nacuia.org\\\/dj-dinho-da-aparelhagem-tupinamba-abre-inscricoes-para-curso-gratuito-de-dj-em-belem\\\/#primaryimage\"},\"image\":{\"@id\":\"https:\\\/\\\/nacuia.org\\\/dj-dinho-da-aparelhagem-tupinamba-abre-inscricoes-para-curso-gratuito-de-dj-em-belem\\\/#primaryimage\"},\"thumbnailUrl\":\"https:\\\/\\\/nacuia.org\\\/wp-content\\\/uploads\\\/2026\\\/09\\\/IMG-20260901-WA0017.jpg\",\"datePublished\":\"2026-09-01T20:18:25+00:00\",\"dateModified\":\"2026-09-01T20:36:52+00:00\",\"author\":{\"@id\":\"https:\\\/\\\/nacuia.org\\\/#\\\/schema\\\/person\\\/f6b09615b210d21cff146a50e010dfa9\"},\"breadcrumb\":{\"@id\":\"https:\\\/\\\/nacuia.org\\\/dj-dinho-da-aparelhagem-tupinamba-abre-inscricoes-para-curso-gratuito-de-dj-em-belem\\\/#breadcrumb\"},\"inLanguage\":\"pt-BR\",\"potentialAction\":[{\"@type\":\"ReadAction\",\"target\":[\"https:\\\/\\\/nacuia.org\\\/dj-dinho-da-aparelhagem-tupinamba-abre-inscricoes-para-curso-gratuito-de-dj-em-belem\\\/\"]}]},{\"@type\":\"ImageObject\",\"inLanguage\":\"pt-BR\",\"@id\":\"https:\\\/\\\/nacuia.org\\\/dj-dinho-da-aparelhagem-tupinamba-abre-inscricoes-para-curso-gratuito-de-dj-em-belem\\\/#primaryimage\",\"url\":\"https:\\\/\\\/nacuia.org\\\/wp-content\\\/uploads\\\/2026\\\/09\\\/IMG-20260901-WA0017.jpg\",\"contentUrl\":\"https:\\\/\\\/nacuia.org\\\/wp-content\\\/uploads\\\/2026\\\/09\\\/IMG-20260901-WA0017.jpg\",\"width\":900,\"height\":1600},{\"@type\":\"BreadcrumbList\",\"@id\":\"https:\\\/\\\/nacuia.org\\\/dj-dinho-da-aparelhagem-tupinamba-abre-inscricoes-para-curso-gratuito-de-dj-em-belem\\\/#breadcrumb\",\"itemListElement\":[{\"@type\":\"ListItem\",\"position\":1,\"name\":\"In\u00edcio\",\"item\":\"https:\\\/\\\/nacuia.org\\\/\"},{\"@type\":\"ListItem\",\"position\":2,\"name\":\"DJ Dinho, da aparelhagem Tupinamb\u00e1, abre inscri\u00e7\u00f5es para curso gratuito de DJ em Bel\u00e9m\"}]},{\"@type\":\"WebSite\",\"@id\":\"https:\\\/\\\/nacuia.org\\\/#website\",\"url\":\"https:\\\/\\\/nacuia.org\\\/\",\"name\":\"NA CUIA\",\"description\":\"Associa\u00e7\u00e3o Cultural\",\"potentialAction\":[{\"@type\":\"SearchAction\",\"target\":{\"@type\":\"EntryPoint\",\"urlTemplate\":\"https:\\\/\\\/nacuia.org\\\/?s={search_term_string}\"},\"query-input\":{\"@type\":\"PropertyValueSpecification\",\"valueRequired\":true,\"valueName\":\"search_term_string\"}}],\"inLanguage\":\"pt-BR\"},{\"@type\":\"Person\",\"@id\":\"https:\\\/\\\/nacuia.org\\\/#\\\/schema\\\/person\\\/f6b09615b210d21cff146a50e010dfa9\",\"name\":\"Na Cuia\",\"image\":{\"@type\":\"ImageObject\",\"inLanguage\":\"pt-BR\",\"@id\":\"https:\\\/\\\/secure.gravatar.com\\\/avatar\\\/5a41734253c9c76f065baa34f506b467e9ad7ae772f9b49b75d4790ab4e50666?s=96&d=mm&r=g\",\"url\":\"https:\\\/\\\/secure.gravatar.com\\\/avatar\\\/5a41734253c9c76f065baa34f506b467e9ad7ae772f9b49b75d4790ab4e50666?s=96&d=mm&r=g\",\"contentUrl\":\"https:\\\/\\\/secure.gravatar.com\\\/avatar\\\/5a41734253c9c76f065baa34f506b467e9ad7ae772f9b49b75d4790ab4e50666?s=96&d=mm&r=g\",\"caption\":\"Na Cuia\"},\"sameAs\":[\"https:\\\/\\\/nacuia.org\\\/pt_br\\\/\"],\"url\":\"https:\\\/\\\/nacuia.org\\\/pt_br\\\/author\\\/na-cuia\\\/\"}]}<\/script>\n<!-- \/ Yoast SEO plugin. -->","yoast_head_json":{"title":"DJ Dinho, da aparelhagem Tupinamb\u00e1, abre inscri\u00e7\u00f5es para curso gratuito de DJ em Bel\u00e9m - NA CUIA","robots":{"index":"index","follow":"follow","max-snippet":"max-snippet:-1","max-image-preview":"max-image-preview:large","max-video-preview":"max-video-preview:-1"},"canonical":"https:\/\/nacuia.org\/pt_br\/dj-dinho-da-aparelhagem-tupinamba-abre-inscricoes-para-curso-gratuito-de-dj-em-belem\/","og_locale":"pt_BR","og_type":"article","og_title":"DJ Dinho, da aparelhagem Tupinamb\u00e1, abre inscri\u00e7\u00f5es para curso gratuito de DJ em Bel\u00e9m - NA CUIA","og_description":"DJ Dinho, da aparelhagem Tupinamb\u00e1, abre inscri\u00e7\u00f5es para curso gratuito de DJ em Bel\u00e9m O sonho de viver da m\u00fasica pode come\u00e7ar com uma oportunidade de forma\u00e7\u00e3o. O DJ Dinho, da tradicional aparelhagem paraense Tupinamb\u00e1, em parceria com o Instituto IBRA abriu inscri\u00e7\u00f5es para um curso de DJ voltado para jovens de 14 a 24 [&hellip;]","og_url":"https:\/\/nacuia.org\/pt_br\/dj-dinho-da-aparelhagem-tupinamba-abre-inscricoes-para-curso-gratuito-de-dj-em-belem\/","og_site_name":"NA CUIA","article_published_time":"2026-09-01T20:18:25+00:00","article_modified_time":"2026-09-01T20:36:52+00:00","og_image":[{"width":900,"height":1600,"url":"https:\/\/nacuia.org\/wp-content\/uploads\/2026\/09\/IMG-20260901-WA0017.jpg","type":"image\/jpeg"}],"author":"Na Cuia","twitter_card":"summary_large_image","twitter_misc":{"Escrito por":"Na Cuia","Est. tempo de leitura":"2 minutos"},"schema":{"@context":"https:\/\/schema.org","@graph":[{"@type":"Article","@id":"https:\/\/nacuia.org\/dj-dinho-da-aparelhagem-tupinamba-abre-inscricoes-para-curso-gratuito-de-dj-em-belem\/#article","isPartOf":{"@id":"https:\/\/nacuia.org\/dj-dinho-da-aparelhagem-tupinamba-abre-inscricoes-para-curso-gratuito-de-dj-em-belem\/"},"author":{"name":"Na Cuia","@id":"https:\/\/nacuia.org\/#\/schema\/person\/f6b09615b210d21cff146a50e010dfa9"},"headline":"DJ Dinho, da aparelhagem Tupinamb\u00e1, abre inscri\u00e7\u00f5es para curso gratuito de DJ em Bel\u00e9m","datePublished":"2026-09-01T20:18:25+00:00","dateModified":"2026-09-01T20:36:52+00:00","mainEntityOfPage":{"@id":"https:\/\/nacuia.org\/dj-dinho-da-aparelhagem-tupinamba-abre-inscricoes-para-curso-gratuito-de-dj-em-belem\/"},"wordCount":260,"commentCount":0,"image":{"@id":"https:\/\/nacuia.org\/dj-dinho-da-aparelhagem-tupinamba-abre-inscricoes-para-curso-gratuito-de-dj-em-belem\/#primaryimage"},"thumbnailUrl":"https:\/\/nacuia.org\/wp-content\/uploads\/2026\/09\/IMG-20260901-WA0017.jpg","keywords":["Noticias"],"articleSection":["Noticias"],"inLanguage":"pt-BR","potentialAction":[{"@type":"CommentAction","name":"Comment","target":["https:\/\/nacuia.org\/dj-dinho-da-aparelhagem-tupinamba-abre-inscricoes-para-curso-gratuito-de-dj-em-belem\/#respond"]}]},{"@type":"WebPage","@id":"https:\/\/nacuia.org\/dj-dinho-da-aparelhagem-tupinamba-abre-inscricoes-para-curso-gratuito-de-dj-em-belem\/","url":"https:\/\/nacuia.org\/dj-dinho-da-aparelhagem-tupinamba-abre-inscricoes-para-curso-gratuito-de-dj-em-belem\/","name":"DJ Dinho, da aparelhagem Tupinamb\u00e1, abre inscri\u00e7\u00f5es para curso gratuito de DJ em Bel\u00e9m - NA CUIA","isPartOf":{"@id":"https:\/\/nacuia.org\/#website"},"primaryImageOfPage":{"@id":"https:\/\/nacuia.org\/dj-dinho-da-aparelhagem-tupinamba-abre-inscricoes-para-curso-gratuito-de-dj-em-belem\/#primaryimage"},"image":{"@id":"https:\/\/nacuia.org\/dj-dinho-da-aparelhagem-tupinamba-abre-inscricoes-para-curso-gratuito-de-dj-em-belem\/#primaryimage"},"thumbnailUrl":"https:\/\/nacuia.org\/wp-content\/uploads\/2026\/09\/IMG-20260901-WA0017.jpg","datePublished":"2026-09-01T20:18:25+00:00","dateModified":"2026-09-01T20:36:52+00:00","author":{"@id":"https:\/\/nacuia.org\/#\/schema\/person\/f6b09615b210d21cff146a50e010dfa9"},"breadcrumb":{"@id":"https:\/\/nacuia.org\/dj-dinho-da-aparelhagem-tupinamba-abre-inscricoes-para-curso-gratuito-de-dj-em-belem\/#breadcrumb"},"inLanguage":"pt-BR","potentialAction":[{"@type":"ReadAction","target":["https:\/\/nacuia.org\/dj-dinho-da-aparelhagem-tupinamba-abre-inscricoes-para-curso-gratuito-de-dj-em-belem\/"]}]},{"@type":"ImageObject","inLanguage":"pt-BR","@id":"https:\/\/nacuia.org\/dj-dinho-da-aparelhagem-tupinamba-abre-inscricoes-para-curso-gratuito-de-dj-em-belem\/#primaryimage","url":"https:\/\/nacuia.org\/wp-content\/uploads\/2026\/09\/IMG-20260901-WA0017.jpg","contentUrl":"https:\/\/nacuia.org\/wp-content\/uploads\/2026\/09\/IMG-20260901-WA0017.jpg","width":900,"height":1600},{"@type":"BreadcrumbList","@id":"https:\/\/nacuia.org\/dj-dinho-da-aparelhagem-tupinamba-abre-inscricoes-para-curso-gratuito-de-dj-em-belem\/#breadcrumb","itemListElement":[{"@type":"ListItem","position":1,"name":"In\u00edcio","item":"https:\/\/nacuia.org\/"},{"@type":"ListItem","position":2,"name":"DJ Dinho, da aparelhagem Tupinamb\u00e1, abre inscri\u00e7\u00f5es para curso gratuito de DJ em Bel\u00e9m"}]},{"@type":"WebSite","@id":"https:\/\/nacuia.org\/#website","url":"https:\/\/nacuia.org\/","name":"NA CUIA","description":"Associa\u00e7\u00e3o Cultural","potentialAction":[{"@type":"SearchAction","target":{"@type":"EntryPoint","urlTemplate":"https:\/\/nacuia.org\/?s={search_term_string}"},"query-input":{"@type":"PropertyValueSpecification","valueRequired":true,"valueName":"search_term_string"}}],"inLanguage":"pt-BR"},{"@type":"Person","@id":"https:\/\/nacuia.org\/#\/schema\/person\/f6b09615b210d21cff146a50e010dfa9","name":"Na Cuia","image":{"@type":"ImageObject","inLanguage":"pt-BR","@id":"https:\/\/secure.gravatar.com\/avatar\/5a41734253c9c76f065baa34f506b467e9ad7ae772f9b49b75d4790ab4e50666?s=96&d=mm&r=g","url":"https:\/\/secure.gravatar.com\/avatar\/5a41734253c9c76f065baa34f506b467e9ad7ae772f9b49b75d4790ab4e50666?s=96&d=mm&r=g","contentUrl":"https:\/\/secure.gravatar.com\/avatar\/5a41734253c9c76f065baa34f506b467e9ad7ae772f9b49b75d4790ab4e50666?s=96&d=mm&r=g","caption":"Na Cuia"},"sameAs":["https:\/\/nacuia.org\/pt_br\/"],"url":"https:\/\/nacuia.org\/pt_br\/author\/na-cuia\/"}]}},"_links":{"self":[{"href":"https:\/\/nacuia.org\/pt_br\/wp-json\/wp\/v2\/posts\/3335","targetHints":{"allow":["GET"]}}],"collection":[{"href":"https:\/\/nacuia.org\/pt_br\/wp-json\/wp\/v2\/posts"}],"about":[{"href":"https:\/\/nacuia.org\/pt_br\/wp-json\/wp\/v2\/types\/post"}],"author":[{"embeddable":true,"href":"https:\/\/nacuia.org\/pt_br\/wp-json\/wp\/v2\/users\/51"}],"replies":[{"embeddable":true,"href":"https:\/\/nacuia.org\/pt_br\/wp-json\/wp\/v2\/comments?post=3335"}],"version-history":[{"count":11,"href":"https:\/\/nacuia.org\/pt_br\/wp-json\/wp\/v2\/posts\/3335\/revisions"}],"predecessor-version":[{"id":3349,"href":"https:\/\/nacuia.org\/pt_br\/wp-json\/wp\/v2\/posts\/3335\/revisions\/3349"}],"wp:featuredmedia":[{"embeddable":true,"href":"https:\/\/nacuia.org\/pt_br\/wp-json\/wp\/v2\/media\/3338"}],"wp:attachment":[{"href":"https:\/\/nacuia.org\/pt_br\/wp-json\/wp\/v2\/media?parent=3335"}],"wp:term":[{"taxonomy":"category","embeddable":true,"href":"https:\/\/nacuia.org\/pt_br\/wp-json\/wp\/v2\/categories?post=3335"},{"taxonomy":"post_tag","embeddable":true,"href":"https:\/\/nacuia.org\/pt_br\/wp-json\/wp\/v2\/tags?post=3335"}],"curies":[{"name":"wp","href":"https:\/\/api.w.org\/{rel}","templated":true}]}}