{"id":3323,"date":"2026-08-31T16:54:54","date_gmt":"2026-08-31T19:54:54","guid":{"rendered":"https:\/\/nacuia.org\/?p=3323"},"modified":"2026-08-31T16:55:14","modified_gmt":"2026-08-31T19:55:14","slug":"diferentes-olhares-sobre-maraba-conheca-marabela-e-cabelo-seco-documentarios-ineditos-que-resgatam-historias-e-perspectivas-da-cidade","status":"publish","type":"post","link":"https:\/\/nacuia.org\/pt_br\/diferentes-olhares-sobre-maraba-conheca-marabela-e-cabelo-seco-documentarios-ineditos-que-resgatam-historias-e-perspectivas-da-cidade\/","title":{"rendered":"Diferentes olhares sobre Marab\u00e1: conhe\u00e7a \u2018Marabela\u2019 e \u2018Cabelo Seco\u2019, document\u00e1rios in\u00e9ditos que resgatam hist\u00f3rias e perspectivas da cidade"},"content":{"rendered":"\t\t<div data-elementor-type=\"wp-post\" data-elementor-id=\"3323\" class=\"elementor elementor-3323\" data-elementor-post-type=\"post\">\n\t\t\t\t<div class=\"elementor-element elementor-element-04e18b5 e-flex e-con-boxed e-con e-parent\" data-id=\"04e18b5\" data-element_type=\"container\" data-e-type=\"container\">\n\t\t\t\t\t<div class=\"e-con-inner\">\n\t\t\t\t<div class=\"elementor-element elementor-element-59f75d0 elementor-widget elementor-widget-heading\" data-id=\"59f75d0\" data-element_type=\"widget\" data-e-type=\"widget\" data-widget_type=\"heading.default\">\n\t\t\t\t<div class=\"elementor-widget-container\">\n\t\t\t\t\t<h2 class=\"elementor-heading-title elementor-size-default\">Diferentes olhares sobre Marab\u00e1: conhe\u00e7a \u2018Marabela\u2019 e \u2018Cabelo Seco\u2019, document\u00e1rios in\u00e9ditos que resgatam hist\u00f3rias e perspectivas da cidade\n\n<\/h2>\t\t\t\t<\/div>\n\t\t\t\t<\/div>\n\t\t\t\t\t<\/div>\n\t\t\t\t<\/div>\n\t\t<div class=\"elementor-element elementor-element-061371a e-flex e-con-boxed e-con e-parent\" data-id=\"061371a\" data-element_type=\"container\" data-e-type=\"container\">\n\t\t\t\t\t<div class=\"e-con-inner\">\n\t\t\t\t<div class=\"elementor-element elementor-element-2dab0f9 elementor-widget elementor-widget-text-editor\" data-id=\"2dab0f9\" data-element_type=\"widget\" data-e-type=\"widget\" data-widget_type=\"text-editor.default\">\n\t\t\t\t<div class=\"elementor-widget-container\">\n\t\t\t\t\t\t\t\t\t<p><em>Produ\u00e7\u00f5es selecionadas pelo Perifa.Doc, iniciativa com patroc\u00ednio master da Vale via Lei Federal de Incentivo \u00e0 Cultura \u2013 Lei Rouanet, abordam as contradi\u00e7\u00f5es da cidade e a ressignifica\u00e7\u00e3o da identidade da periferia marabaense.<\/em><\/p>\t\t\t\t\t\t\t\t<\/div>\n\t\t\t\t<\/div>\n\t\t\t\t\t<\/div>\n\t\t\t\t<\/div>\n\t\t<div class=\"elementor-element elementor-element-0a20fc0 e-flex e-con-boxed e-con e-parent\" data-id=\"0a20fc0\" data-element_type=\"container\" data-e-type=\"container\">\n\t\t\t\t\t<div class=\"e-con-inner\">\n\t\t\t\t<div class=\"elementor-element elementor-element-2bc1d7e elementor-widget elementor-widget-text-editor\" data-id=\"2bc1d7e\" data-element_type=\"widget\" data-e-type=\"widget\" data-widget_type=\"text-editor.default\">\n\t\t\t\t<div class=\"elementor-widget-container\">\n\t\t\t\t\t\t\t\t\t<p>Entre as belezas, os conflitos, as mem\u00f3rias e os afetos que atravessam Marab\u00e1, no Sudeste do Par\u00e1, existem muitas cidades dentro de uma s\u00f3. \u00c9 a partir dessas diferentes formas de experimentar e perceber o territ\u00f3rio que surgem \u201cMarabela\u201d e \u201cCabelo Seco\u201d, document\u00e1rios produzidos pelos alunos do projeto Perifa.Doc \u2013 e que devem ir \u201cao ar\u201d para toda a cidade no finalzinho de setembro.<\/p><p>\u00a0<\/p><p>Transformando quest\u00f5es sociais, culturais e territoriais do munic\u00edpio em narrativas autorais, as produ\u00e7\u00f5es partem da escuta de quem vive esses espa\u00e7os para refletir sobre as hist\u00f3rias que s\u00e3o contadas sobre eles e, principalmente, sobre quem tem o direito de cont\u00e1-las. Os document\u00e1rios foram pensados, roteirizados e produzidos por jovens da periferia que integram o projeto Perifa.Doc.<\/p><p>\u00a0<\/p><p>Ap\u00f3s o acesso a oficinas pr\u00e1ticas, aulas te\u00f3ricas, cineclubes e sa\u00eddas de campo, os document\u00e1rios come\u00e7am a sair da ilha de edi\u00e7\u00e3o para ganhar os tel\u00f5es das cidades. Revelando a vis\u00e3o das periferias de dentro para fora, o document\u00e1rio \u201cMarabela\u201d \u00e9 um dos exemplos quando se fala em ressignificar hist\u00f3rias dos 113 anos de Marab\u00e1 e sua emancipa\u00e7\u00e3o pol\u00edtica.<\/p><p>\u00a0<\/p><p>Fruto do encontro com o poema de mesmo nome da professora Eliane Soares, a obra despertou na equipe o interesse pelas imagens distintas que convivem quando se fala no munic\u00edpio, representadas simbolicamente pela passagem de \u201cMaraBala\u201d para \u201cMaraBela\u201d. Al\u00e9m de escolher uma dessas vis\u00f5es, o document\u00e1rio pretende olhar para a cidade a partir da coexist\u00eancia entre elas, revelando como experi\u00eancias na periferia e de desigualdade dividem espa\u00e7o com a riqueza cultural, as paisagens e os v\u00ednculos constru\u00eddos pelos moradores.<\/p><p>\u00a0<\/p><p>\u201cEsperamos que o p\u00fablico reflita sobre os desafios sociais presentes em Marab\u00e1, compreendendo que a dicotomia entre beleza e caos pode coexistir historicamente em um mesmo territ\u00f3rio, assim como em diversos lugares do pa\u00eds. Ao mesmo tempo, reflitam que as riquezas culturais permanecem vivas por meio da dan\u00e7a, da m\u00fasica, das paisagens, dos afetos e das formas de pertencimento constru\u00eddas pelos moradores\u201d, afirma o grupo, formado por Daniele Mousinho, Pedro Kau\u00ea Negreiros, Lucas Fernandes, Layanni Pompeu, Tayllon Fonteneles, Adrian Santos, Marcos Landin, D\u00e9bora Melo, Marcos Riper, Carine Santos, Fernando Fernandes, Sarah Lima e Felismar Rodrigues.<\/p><p>\u00a0<\/p><p>Foi justamente a aproxima\u00e7\u00e3o com essas pessoas que fez a pr\u00f3pria equipe mudar a maneira de enxergar a hist\u00f3ria que queira contar. No in\u00edcio, a expectativa era encontrar personagens que se identificassem mais com a \u201cMaraBala\u201d ou com a \u201cMaraBela\u201d. No entanto, a escuta proporcionada pelo Perifa.Doc mostra que essa separa\u00e7\u00e3o n\u00e3o era t\u00e3o simples. As duas experi\u00eancias apareciam, muitas vezes, na trajet\u00f3ria de uma mesma pessoa, tornando a narrativa muito mais complexa.<\/p><p>\u00a0<\/p><p>\u201cTamb\u00e9m esperamos que os termos Marabala e Marabela despertem uma reflex\u00e3o lingu\u00edstica e pedag\u00f3gica sobre o pr\u00f3prio territ\u00f3rio e as narrativas constru\u00eddas acerca da cidade. N\u00e3o queremos cristalizar a interpreta\u00e7\u00e3o dos espectadores sobre Marab\u00e1. Por respeitarmos tanto as hist\u00f3rias marcadas por viol\u00eancias quanto aquelas atravessadas pelas belezas naturais e culturais, o document\u00e1rio apresentar\u00e1 essas duas perspectivas, esperando que cada espectador construa sua pr\u00f3pria percep\u00e7\u00e3o acerca da cidade\u201d, conclui o grupo.<\/p><p>\u00a0<\/p><p>Essa mesma rela\u00e7\u00e3o entre territ\u00f3rio e identidade aparece, por outro caminho, em \u201cCabelo Seco\u201d. O ponto de partida \u00e9 o pr\u00f3prio nome da comunidade, que carrega uma hist\u00f3ria marcada por estigmas e por um olhar atravessado pelo preconceito racial e pela desvaloriza\u00e7\u00e3o das mulheres negras. Ao se aproximar do territ\u00f3rio, entretanto, os realizadores encontraram uma realidade que contrasta com essa vis\u00e3o historicamente constru\u00edda: mulheres que preservam mem\u00f3rias, fortalecem os v\u00ednculos comunit\u00e1rios e movimentam iniciativas culturais, como o coletivo Ra\u00edzes do Cabelo Seco e o Dan\u00e7a Longevo.<\/p><p>\u00a0<\/p><p>\u00c9 nesse contraste que o document\u00e1rio encontra sua quest\u00e3o central. Se o nome \u201cCabelo Seco\u201d foi atravessado por significados constru\u00eddos ao longo do tempo, como ele passa a ser percebido quando a pr\u00f3pria comunidade assume o direito de contar sua hist\u00f3ria? Para investigar essa pergunta, o filme coloca as mulheres no centro da narrativa e abre espa\u00e7o para que elas compartilhem suas mem\u00f3rias, seus gestos e a maneira como se relacionam com o territ\u00f3rio. A proposta \u00e9 acompanhar um processo de ressignifica\u00e7\u00e3o que n\u00e3o \u00e9 imposto pelo filme, mas j\u00e1 acontece dentro da pr\u00f3pria comunidade.<\/p><p>\u00a0<\/p><p>\u201cEsperamos que Cabelo Seco desperte um novo olhar sobre as hist\u00f3rias que carregamos e sobre o poder que as palavras t\u00eam de construir, mas tamb\u00e9m de transformar identidades. Para quem assistir ao document\u00e1rio, desejamos que fique a reflex\u00e3o de que toda comunidade tem o direito de contar sua pr\u00f3pria hist\u00f3ria e de ressignificar as narrativas que lhe foram impostas. Para a comunidade, esperamos que o filme seja um gesto de reconhecimento, pertencimento e fortalecimento, reafirmando que sua mem\u00f3ria, sua cultura e, principalmente, suas mulheres s\u00e3o as verdadeiras protagonistas dessa hist\u00f3ria. Se o document\u00e1rio contribuir para que o nome Cabelo Seco passe a ser visto como um s\u00edmbolo de identidade, pot\u00eancia e orgulho, teremos alcan\u00e7ado nosso principal objetivo\u201d, destaca o grupo, formado por B\u00e1rbara Lopes, Vit\u00f3ria Monteiro, Madu, Grazi Azevedo, Gabriel Dias, Beatriz Rocha, Maria Eduarda, Alyne Pacheco e Aline Ver\u00edssimo.<\/p><p>\u00a0<\/p><p>Embora partam de quest\u00f5es diferentes, \u201cMarabela\u201d e \u201cCabelo Seco\u201d se encontram justamente nesse movimento de olhar para Marab\u00e1 a partir de dentro. \u00c9 tamb\u00e9m nesse espa\u00e7o que se insere a proposta do Perifa.Doc. Estimulando realizadores das periferias a transformar suas viv\u00eancias a partir do audiovisual, o programa fortalece uma produ\u00e7\u00e3o em que os territ\u00f3rios n\u00e3o aparecem apenas como cen\u00e1rio, mas como parte fundamental das hist\u00f3rias.<\/p><p>A proposta \u00e9 que ambos os document\u00e1rios, junto \u00e0 outras produ\u00e7\u00f5es, cheguem \u00e0s cidades de Marab\u00e1 e Bel\u00e9m, entre os dias 25 e 30 de setembro, em uma celebra\u00e7\u00e3o especial ao audiovisual como elemento transformador das periferias.<\/p><p>\u00a0<\/p><h6>Sobre a Vale<\/h6><p>A Vale acredita que a cultura transforma vidas. Pelo quinto ano consecutivo \u00e9 a maior apoiadora privada da Cultura no Brasil, patrocinando e fomentando projetos em parcerias que promovem conex\u00f5es entre pessoas, iniciativas e territ\u00f3rios. Seu compromisso \u00e9 contribuir com uma cultura cada vez mais acess\u00edvel e plural, ao mesmo tempo em que atua para o fortalecimento da economia criativa.<\/p><p>\u00a0<\/p><h6>Perifa.Doc\u00a0<\/h6><p>Realizado atrav\u00e9s da Lei Rouanet e conta com Apoio do Instituto Rol\u00e9, da Tuntum Cultura, da Horus Planejamento e Gest\u00e3o, Patroc\u00ednio da Vale, Co-Realiza\u00e7\u00e3o do est\u00fadio UM.BA.RA.K\u00c1 e realiza\u00e7\u00e3o da Pressa Filmes e do Minist\u00e9rio da Cultura.<\/p><p>\u00a0<\/p><h6>Reda\u00e7\u00e3o:<\/h6><p><em>Divulga\u00e7\u00e3o.<\/em><\/p><h6>Foto de capa:<\/h6><p>Paulo F\u00e1varo.<\/p>\t\t\t\t\t\t\t\t<\/div>\n\t\t\t\t<\/div>\n\t\t\t\t\t<\/div>\n\t\t\t\t<\/div>\n\t\t\t\t<\/div>\n\t\t","protected":false},"excerpt":{"rendered":"<p>Diferentes olhares sobre Marab\u00e1: conhe\u00e7a \u2018Marabela\u2019 e \u2018Cabelo Seco\u2019, document\u00e1rios in\u00e9ditos que resgatam hist\u00f3rias e perspectivas da cidade Produ\u00e7\u00f5es selecionadas pelo Perifa.Doc, iniciativa com patroc\u00ednio master da Vale via Lei Federal de Incentivo \u00e0 Cultura \u2013 Lei Rouanet, abordam as contradi\u00e7\u00f5es da cidade e a ressignifica\u00e7\u00e3o da identidade da periferia marabaense. Entre as belezas, os [&hellip;]<\/p>\n","protected":false},"author":51,"featured_media":3325,"comment_status":"open","ping_status":"open","sticky":false,"template":"","format":"standard","meta":{"footnotes":""},"categories":[12],"tags":[11],"class_list":["post-3323","post","type-post","status-publish","format-standard","has-post-thumbnail","hentry","category-noticias","tag-noticias"],"yoast_head":"<!-- This site is optimized with the Yoast SEO plugin v27.8 - https:\/\/yoast.com\/product\/yoast-seo-wordpress\/ -->\n<title>Diferentes olhares sobre Marab\u00e1: conhe\u00e7a \u2018Marabela\u2019 e \u2018Cabelo Seco\u2019, document\u00e1rios in\u00e9ditos que resgatam hist\u00f3rias e perspectivas da cidade - NA CUIA<\/title>\n<meta name=\"robots\" content=\"index, follow, max-snippet:-1, max-image-preview:large, max-video-preview:-1\" \/>\n<link rel=\"canonical\" href=\"https:\/\/nacuia.org\/pt_br\/diferentes-olhares-sobre-maraba-conheca-marabela-e-cabelo-seco-documentarios-ineditos-que-resgatam-historias-e-perspectivas-da-cidade\/\" \/>\n<meta property=\"og:locale\" content=\"pt_BR\" \/>\n<meta property=\"og:type\" content=\"article\" \/>\n<meta property=\"og:title\" content=\"Diferentes olhares sobre Marab\u00e1: conhe\u00e7a \u2018Marabela\u2019 e \u2018Cabelo Seco\u2019, document\u00e1rios in\u00e9ditos que resgatam hist\u00f3rias e perspectivas da cidade - NA CUIA\" \/>\n<meta property=\"og:description\" content=\"Diferentes olhares sobre Marab\u00e1: conhe\u00e7a \u2018Marabela\u2019 e \u2018Cabelo Seco\u2019, document\u00e1rios in\u00e9ditos que resgatam hist\u00f3rias e perspectivas da cidade Produ\u00e7\u00f5es selecionadas pelo Perifa.Doc, iniciativa com patroc\u00ednio master da Vale via Lei Federal de Incentivo \u00e0 Cultura \u2013 Lei Rouanet, abordam as contradi\u00e7\u00f5es da cidade e a ressignifica\u00e7\u00e3o da identidade da periferia marabaense. Entre as belezas, os [&hellip;]\" \/>\n<meta property=\"og:url\" content=\"https:\/\/nacuia.org\/pt_br\/diferentes-olhares-sobre-maraba-conheca-marabela-e-cabelo-seco-documentarios-ineditos-que-resgatam-historias-e-perspectivas-da-cidade\/\" \/>\n<meta property=\"og:site_name\" content=\"NA CUIA\" \/>\n<meta property=\"article:published_time\" content=\"2026-08-31T19:54:54+00:00\" \/>\n<meta property=\"article:modified_time\" content=\"2026-08-31T19:55:14+00:00\" \/>\n<meta property=\"og:image\" content=\"https:\/\/nacuia.org\/wp-content\/uploads\/2026\/08\/Marabela-Foto-Paulo-Favaro-1.jpeg\" \/>\n\t<meta property=\"og:image:width\" content=\"1600\" \/>\n\t<meta property=\"og:image:height\" content=\"1200\" \/>\n\t<meta property=\"og:image:type\" content=\"image\/jpeg\" \/>\n<meta name=\"author\" content=\"Na Cuia\" \/>\n<meta name=\"twitter:card\" content=\"summary_large_image\" \/>\n<meta name=\"twitter:label1\" content=\"Escrito por\" \/>\n\t<meta name=\"twitter:data1\" content=\"Na Cuia\" \/>\n\t<meta name=\"twitter:label2\" content=\"Est. tempo de leitura\" \/>\n\t<meta name=\"twitter:data2\" content=\"6 minutos\" \/>\n<script type=\"application\/ld+json\" class=\"yoast-schema-graph\">{\"@context\":\"https:\\\/\\\/schema.org\",\"@graph\":[{\"@type\":\"Article\",\"@id\":\"https:\\\/\\\/nacuia.org\\\/diferentes-olhares-sobre-maraba-conheca-marabela-e-cabelo-seco-documentarios-ineditos-que-resgatam-historias-e-perspectivas-da-cidade\\\/#article\",\"isPartOf\":{\"@id\":\"https:\\\/\\\/nacuia.org\\\/diferentes-olhares-sobre-maraba-conheca-marabela-e-cabelo-seco-documentarios-ineditos-que-resgatam-historias-e-perspectivas-da-cidade\\\/\"},\"author\":{\"name\":\"Na Cuia\",\"@id\":\"https:\\\/\\\/nacuia.org\\\/#\\\/schema\\\/person\\\/f6b09615b210d21cff146a50e010dfa9\"},\"headline\":\"Diferentes olhares sobre Marab\u00e1: conhe\u00e7a \u2018Marabela\u2019 e \u2018Cabelo Seco\u2019, document\u00e1rios in\u00e9ditos que resgatam hist\u00f3rias e perspectivas da cidade\",\"datePublished\":\"2026-08-31T19:54:54+00:00\",\"dateModified\":\"2026-08-31T19:55:14+00:00\",\"mainEntityOfPage\":{\"@id\":\"https:\\\/\\\/nacuia.org\\\/diferentes-olhares-sobre-maraba-conheca-marabela-e-cabelo-seco-documentarios-ineditos-que-resgatam-historias-e-perspectivas-da-cidade\\\/\"},\"wordCount\":1230,\"commentCount\":0,\"image\":{\"@id\":\"https:\\\/\\\/nacuia.org\\\/diferentes-olhares-sobre-maraba-conheca-marabela-e-cabelo-seco-documentarios-ineditos-que-resgatam-historias-e-perspectivas-da-cidade\\\/#primaryimage\"},\"thumbnailUrl\":\"https:\\\/\\\/nacuia.org\\\/wp-content\\\/uploads\\\/2026\\\/08\\\/Marabela-Foto-Paulo-Favaro-1.jpeg\",\"keywords\":[\"Noticias\"],\"articleSection\":[\"Noticias\"],\"inLanguage\":\"pt-BR\",\"potentialAction\":[{\"@type\":\"CommentAction\",\"name\":\"Comment\",\"target\":[\"https:\\\/\\\/nacuia.org\\\/diferentes-olhares-sobre-maraba-conheca-marabela-e-cabelo-seco-documentarios-ineditos-que-resgatam-historias-e-perspectivas-da-cidade\\\/#respond\"]}]},{\"@type\":\"WebPage\",\"@id\":\"https:\\\/\\\/nacuia.org\\\/diferentes-olhares-sobre-maraba-conheca-marabela-e-cabelo-seco-documentarios-ineditos-que-resgatam-historias-e-perspectivas-da-cidade\\\/\",\"url\":\"https:\\\/\\\/nacuia.org\\\/diferentes-olhares-sobre-maraba-conheca-marabela-e-cabelo-seco-documentarios-ineditos-que-resgatam-historias-e-perspectivas-da-cidade\\\/\",\"name\":\"Diferentes olhares sobre Marab\u00e1: conhe\u00e7a \u2018Marabela\u2019 e \u2018Cabelo Seco\u2019, document\u00e1rios in\u00e9ditos que resgatam hist\u00f3rias e perspectivas da cidade - NA CUIA\",\"isPartOf\":{\"@id\":\"https:\\\/\\\/nacuia.org\\\/#website\"},\"primaryImageOfPage\":{\"@id\":\"https:\\\/\\\/nacuia.org\\\/diferentes-olhares-sobre-maraba-conheca-marabela-e-cabelo-seco-documentarios-ineditos-que-resgatam-historias-e-perspectivas-da-cidade\\\/#primaryimage\"},\"image\":{\"@id\":\"https:\\\/\\\/nacuia.org\\\/diferentes-olhares-sobre-maraba-conheca-marabela-e-cabelo-seco-documentarios-ineditos-que-resgatam-historias-e-perspectivas-da-cidade\\\/#primaryimage\"},\"thumbnailUrl\":\"https:\\\/\\\/nacuia.org\\\/wp-content\\\/uploads\\\/2026\\\/08\\\/Marabela-Foto-Paulo-Favaro-1.jpeg\",\"datePublished\":\"2026-08-31T19:54:54+00:00\",\"dateModified\":\"2026-08-31T19:55:14+00:00\",\"author\":{\"@id\":\"https:\\\/\\\/nacuia.org\\\/#\\\/schema\\\/person\\\/f6b09615b210d21cff146a50e010dfa9\"},\"breadcrumb\":{\"@id\":\"https:\\\/\\\/nacuia.org\\\/diferentes-olhares-sobre-maraba-conheca-marabela-e-cabelo-seco-documentarios-ineditos-que-resgatam-historias-e-perspectivas-da-cidade\\\/#breadcrumb\"},\"inLanguage\":\"pt-BR\",\"potentialAction\":[{\"@type\":\"ReadAction\",\"target\":[\"https:\\\/\\\/nacuia.org\\\/diferentes-olhares-sobre-maraba-conheca-marabela-e-cabelo-seco-documentarios-ineditos-que-resgatam-historias-e-perspectivas-da-cidade\\\/\"]}]},{\"@type\":\"ImageObject\",\"inLanguage\":\"pt-BR\",\"@id\":\"https:\\\/\\\/nacuia.org\\\/diferentes-olhares-sobre-maraba-conheca-marabela-e-cabelo-seco-documentarios-ineditos-que-resgatam-historias-e-perspectivas-da-cidade\\\/#primaryimage\",\"url\":\"https:\\\/\\\/nacuia.org\\\/wp-content\\\/uploads\\\/2026\\\/08\\\/Marabela-Foto-Paulo-Favaro-1.jpeg\",\"contentUrl\":\"https:\\\/\\\/nacuia.org\\\/wp-content\\\/uploads\\\/2026\\\/08\\\/Marabela-Foto-Paulo-Favaro-1.jpeg\",\"width\":1600,\"height\":1200},{\"@type\":\"BreadcrumbList\",\"@id\":\"https:\\\/\\\/nacuia.org\\\/diferentes-olhares-sobre-maraba-conheca-marabela-e-cabelo-seco-documentarios-ineditos-que-resgatam-historias-e-perspectivas-da-cidade\\\/#breadcrumb\",\"itemListElement\":[{\"@type\":\"ListItem\",\"position\":1,\"name\":\"In\u00edcio\",\"item\":\"https:\\\/\\\/nacuia.org\\\/\"},{\"@type\":\"ListItem\",\"position\":2,\"name\":\"Diferentes olhares sobre Marab\u00e1: conhe\u00e7a \u2018Marabela\u2019 e \u2018Cabelo Seco\u2019, document\u00e1rios in\u00e9ditos que resgatam hist\u00f3rias e perspectivas da cidade\"}]},{\"@type\":\"WebSite\",\"@id\":\"https:\\\/\\\/nacuia.org\\\/#website\",\"url\":\"https:\\\/\\\/nacuia.org\\\/\",\"name\":\"NA CUIA\",\"description\":\"Associa\u00e7\u00e3o Cultural\",\"potentialAction\":[{\"@type\":\"SearchAction\",\"target\":{\"@type\":\"EntryPoint\",\"urlTemplate\":\"https:\\\/\\\/nacuia.org\\\/?s={search_term_string}\"},\"query-input\":{\"@type\":\"PropertyValueSpecification\",\"valueRequired\":true,\"valueName\":\"search_term_string\"}}],\"inLanguage\":\"pt-BR\"},{\"@type\":\"Person\",\"@id\":\"https:\\\/\\\/nacuia.org\\\/#\\\/schema\\\/person\\\/f6b09615b210d21cff146a50e010dfa9\",\"name\":\"Na Cuia\",\"image\":{\"@type\":\"ImageObject\",\"inLanguage\":\"pt-BR\",\"@id\":\"https:\\\/\\\/secure.gravatar.com\\\/avatar\\\/5a41734253c9c76f065baa34f506b467e9ad7ae772f9b49b75d4790ab4e50666?s=96&d=mm&r=g\",\"url\":\"https:\\\/\\\/secure.gravatar.com\\\/avatar\\\/5a41734253c9c76f065baa34f506b467e9ad7ae772f9b49b75d4790ab4e50666?s=96&d=mm&r=g\",\"contentUrl\":\"https:\\\/\\\/secure.gravatar.com\\\/avatar\\\/5a41734253c9c76f065baa34f506b467e9ad7ae772f9b49b75d4790ab4e50666?s=96&d=mm&r=g\",\"caption\":\"Na Cuia\"},\"sameAs\":[\"https:\\\/\\\/nacuia.org\\\/pt_br\\\/\"],\"url\":\"https:\\\/\\\/nacuia.org\\\/pt_br\\\/author\\\/na-cuia\\\/\"}]}<\/script>\n<!-- \/ Yoast SEO plugin. -->","yoast_head_json":{"title":"Diferentes olhares sobre Marab\u00e1: conhe\u00e7a \u2018Marabela\u2019 e \u2018Cabelo Seco\u2019, document\u00e1rios in\u00e9ditos que resgatam hist\u00f3rias e perspectivas da cidade - NA CUIA","robots":{"index":"index","follow":"follow","max-snippet":"max-snippet:-1","max-image-preview":"max-image-preview:large","max-video-preview":"max-video-preview:-1"},"canonical":"https:\/\/nacuia.org\/pt_br\/diferentes-olhares-sobre-maraba-conheca-marabela-e-cabelo-seco-documentarios-ineditos-que-resgatam-historias-e-perspectivas-da-cidade\/","og_locale":"pt_BR","og_type":"article","og_title":"Diferentes olhares sobre Marab\u00e1: conhe\u00e7a \u2018Marabela\u2019 e \u2018Cabelo Seco\u2019, document\u00e1rios in\u00e9ditos que resgatam hist\u00f3rias e perspectivas da cidade - NA CUIA","og_description":"Diferentes olhares sobre Marab\u00e1: conhe\u00e7a \u2018Marabela\u2019 e \u2018Cabelo Seco\u2019, document\u00e1rios in\u00e9ditos que resgatam hist\u00f3rias e perspectivas da cidade Produ\u00e7\u00f5es selecionadas pelo Perifa.Doc, iniciativa com patroc\u00ednio master da Vale via Lei Federal de Incentivo \u00e0 Cultura \u2013 Lei Rouanet, abordam as contradi\u00e7\u00f5es da cidade e a ressignifica\u00e7\u00e3o da identidade da periferia marabaense. Entre as belezas, os [&hellip;]","og_url":"https:\/\/nacuia.org\/pt_br\/diferentes-olhares-sobre-maraba-conheca-marabela-e-cabelo-seco-documentarios-ineditos-que-resgatam-historias-e-perspectivas-da-cidade\/","og_site_name":"NA CUIA","article_published_time":"2026-08-31T19:54:54+00:00","article_modified_time":"2026-08-31T19:55:14+00:00","og_image":[{"width":1600,"height":1200,"url":"https:\/\/nacuia.org\/wp-content\/uploads\/2026\/08\/Marabela-Foto-Paulo-Favaro-1.jpeg","type":"image\/jpeg"}],"author":"Na Cuia","twitter_card":"summary_large_image","twitter_misc":{"Escrito por":"Na Cuia","Est. tempo de leitura":"6 minutos"},"schema":{"@context":"https:\/\/schema.org","@graph":[{"@type":"Article","@id":"https:\/\/nacuia.org\/diferentes-olhares-sobre-maraba-conheca-marabela-e-cabelo-seco-documentarios-ineditos-que-resgatam-historias-e-perspectivas-da-cidade\/#article","isPartOf":{"@id":"https:\/\/nacuia.org\/diferentes-olhares-sobre-maraba-conheca-marabela-e-cabelo-seco-documentarios-ineditos-que-resgatam-historias-e-perspectivas-da-cidade\/"},"author":{"name":"Na Cuia","@id":"https:\/\/nacuia.org\/#\/schema\/person\/f6b09615b210d21cff146a50e010dfa9"},"headline":"Diferentes olhares sobre Marab\u00e1: conhe\u00e7a \u2018Marabela\u2019 e \u2018Cabelo Seco\u2019, document\u00e1rios in\u00e9ditos que resgatam hist\u00f3rias e perspectivas da cidade","datePublished":"2026-08-31T19:54:54+00:00","dateModified":"2026-08-31T19:55:14+00:00","mainEntityOfPage":{"@id":"https:\/\/nacuia.org\/diferentes-olhares-sobre-maraba-conheca-marabela-e-cabelo-seco-documentarios-ineditos-que-resgatam-historias-e-perspectivas-da-cidade\/"},"wordCount":1230,"commentCount":0,"image":{"@id":"https:\/\/nacuia.org\/diferentes-olhares-sobre-maraba-conheca-marabela-e-cabelo-seco-documentarios-ineditos-que-resgatam-historias-e-perspectivas-da-cidade\/#primaryimage"},"thumbnailUrl":"https:\/\/nacuia.org\/wp-content\/uploads\/2026\/08\/Marabela-Foto-Paulo-Favaro-1.jpeg","keywords":["Noticias"],"articleSection":["Noticias"],"inLanguage":"pt-BR","potentialAction":[{"@type":"CommentAction","name":"Comment","target":["https:\/\/nacuia.org\/diferentes-olhares-sobre-maraba-conheca-marabela-e-cabelo-seco-documentarios-ineditos-que-resgatam-historias-e-perspectivas-da-cidade\/#respond"]}]},{"@type":"WebPage","@id":"https:\/\/nacuia.org\/diferentes-olhares-sobre-maraba-conheca-marabela-e-cabelo-seco-documentarios-ineditos-que-resgatam-historias-e-perspectivas-da-cidade\/","url":"https:\/\/nacuia.org\/diferentes-olhares-sobre-maraba-conheca-marabela-e-cabelo-seco-documentarios-ineditos-que-resgatam-historias-e-perspectivas-da-cidade\/","name":"Diferentes olhares sobre Marab\u00e1: conhe\u00e7a \u2018Marabela\u2019 e \u2018Cabelo Seco\u2019, document\u00e1rios in\u00e9ditos que resgatam hist\u00f3rias e perspectivas da cidade - NA CUIA","isPartOf":{"@id":"https:\/\/nacuia.org\/#website"},"primaryImageOfPage":{"@id":"https:\/\/nacuia.org\/diferentes-olhares-sobre-maraba-conheca-marabela-e-cabelo-seco-documentarios-ineditos-que-resgatam-historias-e-perspectivas-da-cidade\/#primaryimage"},"image":{"@id":"https:\/\/nacuia.org\/diferentes-olhares-sobre-maraba-conheca-marabela-e-cabelo-seco-documentarios-ineditos-que-resgatam-historias-e-perspectivas-da-cidade\/#primaryimage"},"thumbnailUrl":"https:\/\/nacuia.org\/wp-content\/uploads\/2026\/08\/Marabela-Foto-Paulo-Favaro-1.jpeg","datePublished":"2026-08-31T19:54:54+00:00","dateModified":"2026-08-31T19:55:14+00:00","author":{"@id":"https:\/\/nacuia.org\/#\/schema\/person\/f6b09615b210d21cff146a50e010dfa9"},"breadcrumb":{"@id":"https:\/\/nacuia.org\/diferentes-olhares-sobre-maraba-conheca-marabela-e-cabelo-seco-documentarios-ineditos-que-resgatam-historias-e-perspectivas-da-cidade\/#breadcrumb"},"inLanguage":"pt-BR","potentialAction":[{"@type":"ReadAction","target":["https:\/\/nacuia.org\/diferentes-olhares-sobre-maraba-conheca-marabela-e-cabelo-seco-documentarios-ineditos-que-resgatam-historias-e-perspectivas-da-cidade\/"]}]},{"@type":"ImageObject","inLanguage":"pt-BR","@id":"https:\/\/nacuia.org\/diferentes-olhares-sobre-maraba-conheca-marabela-e-cabelo-seco-documentarios-ineditos-que-resgatam-historias-e-perspectivas-da-cidade\/#primaryimage","url":"https:\/\/nacuia.org\/wp-content\/uploads\/2026\/08\/Marabela-Foto-Paulo-Favaro-1.jpeg","contentUrl":"https:\/\/nacuia.org\/wp-content\/uploads\/2026\/08\/Marabela-Foto-Paulo-Favaro-1.jpeg","width":1600,"height":1200},{"@type":"BreadcrumbList","@id":"https:\/\/nacuia.org\/diferentes-olhares-sobre-maraba-conheca-marabela-e-cabelo-seco-documentarios-ineditos-que-resgatam-historias-e-perspectivas-da-cidade\/#breadcrumb","itemListElement":[{"@type":"ListItem","position":1,"name":"In\u00edcio","item":"https:\/\/nacuia.org\/"},{"@type":"ListItem","position":2,"name":"Diferentes olhares sobre Marab\u00e1: conhe\u00e7a \u2018Marabela\u2019 e \u2018Cabelo Seco\u2019, document\u00e1rios in\u00e9ditos que resgatam hist\u00f3rias e perspectivas da cidade"}]},{"@type":"WebSite","@id":"https:\/\/nacuia.org\/#website","url":"https:\/\/nacuia.org\/","name":"NA CUIA","description":"Associa\u00e7\u00e3o Cultural","potentialAction":[{"@type":"SearchAction","target":{"@type":"EntryPoint","urlTemplate":"https:\/\/nacuia.org\/?s={search_term_string}"},"query-input":{"@type":"PropertyValueSpecification","valueRequired":true,"valueName":"search_term_string"}}],"inLanguage":"pt-BR"},{"@type":"Person","@id":"https:\/\/nacuia.org\/#\/schema\/person\/f6b09615b210d21cff146a50e010dfa9","name":"Na Cuia","image":{"@type":"ImageObject","inLanguage":"pt-BR","@id":"https:\/\/secure.gravatar.com\/avatar\/5a41734253c9c76f065baa34f506b467e9ad7ae772f9b49b75d4790ab4e50666?s=96&d=mm&r=g","url":"https:\/\/secure.gravatar.com\/avatar\/5a41734253c9c76f065baa34f506b467e9ad7ae772f9b49b75d4790ab4e50666?s=96&d=mm&r=g","contentUrl":"https:\/\/secure.gravatar.com\/avatar\/5a41734253c9c76f065baa34f506b467e9ad7ae772f9b49b75d4790ab4e50666?s=96&d=mm&r=g","caption":"Na Cuia"},"sameAs":["https:\/\/nacuia.org\/pt_br\/"],"url":"https:\/\/nacuia.org\/pt_br\/author\/na-cuia\/"}]}},"_links":{"self":[{"href":"https:\/\/nacuia.org\/pt_br\/wp-json\/wp\/v2\/posts\/3323","targetHints":{"allow":["GET"]}}],"collection":[{"href":"https:\/\/nacuia.org\/pt_br\/wp-json\/wp\/v2\/posts"}],"about":[{"href":"https:\/\/nacuia.org\/pt_br\/wp-json\/wp\/v2\/types\/post"}],"author":[{"embeddable":true,"href":"https:\/\/nacuia.org\/pt_br\/wp-json\/wp\/v2\/users\/51"}],"replies":[{"embeddable":true,"href":"https:\/\/nacuia.org\/pt_br\/wp-json\/wp\/v2\/comments?post=3323"}],"version-history":[{"count":7,"href":"https:\/\/nacuia.org\/pt_br\/wp-json\/wp\/v2\/posts\/3323\/revisions"}],"predecessor-version":[{"id":3332,"href":"https:\/\/nacuia.org\/pt_br\/wp-json\/wp\/v2\/posts\/3323\/revisions\/3332"}],"wp:featuredmedia":[{"embeddable":true,"href":"https:\/\/nacuia.org\/pt_br\/wp-json\/wp\/v2\/media\/3325"}],"wp:attachment":[{"href":"https:\/\/nacuia.org\/pt_br\/wp-json\/wp\/v2\/media?parent=3323"}],"wp:term":[{"taxonomy":"category","embeddable":true,"href":"https:\/\/nacuia.org\/pt_br\/wp-json\/wp\/v2\/categories?post=3323"},{"taxonomy":"post_tag","embeddable":true,"href":"https:\/\/nacuia.org\/pt_br\/wp-json\/wp\/v2\/tags?post=3323"}],"curies":[{"name":"wp","href":"https:\/\/api.w.org\/{rel}","templated":true}]}}