{"id":2696,"date":"2026-04-28T12:12:00","date_gmt":"2026-04-28T15:12:00","guid":{"rendered":"https:\/\/nacuia.org\/?p=2696"},"modified":"2026-04-28T12:20:37","modified_gmt":"2026-04-28T15:20:37","slug":"mostra-do-projeto-kurumin-reune-arte-memoria-e-luta-indigena-em-ananindeua","status":"publish","type":"post","link":"https:\/\/nacuia.org\/pt_br\/mostra-do-projeto-kurumin-reune-arte-memoria-e-luta-indigena-em-ananindeua\/","title":{"rendered":"Mostra do Projeto Kurumin re\u00fane arte, mem\u00f3ria e luta ind\u00edgena em Ananindeua"},"content":{"rendered":"\t\t<div data-elementor-type=\"wp-post\" data-elementor-id=\"2696\" class=\"elementor elementor-2696\" data-elementor-post-type=\"post\">\n\t\t\t\t<div class=\"elementor-element elementor-element-5ab936b e-flex e-con-boxed e-con e-parent\" data-id=\"5ab936b\" data-element_type=\"container\" data-e-type=\"container\">\n\t\t\t\t\t<div class=\"e-con-inner\">\n\t\t\t\t<div class=\"elementor-element elementor-element-32045df elementor-widget elementor-widget-heading\" data-id=\"32045df\" data-element_type=\"widget\" data-e-type=\"widget\" data-widget_type=\"heading.default\">\n\t\t\t\t<div class=\"elementor-widget-container\">\n\t\t\t\t\t<h2 class=\"elementor-heading-title elementor-size-default\">Mostra do Projeto Kurumin re\u00fane arte, mem\u00f3ria e luta ind\u00edgena em Ananindeua\n<\/h2>\t\t\t\t<\/div>\n\t\t\t\t<\/div>\n\t\t\t\t\t<\/div>\n\t\t\t\t<\/div>\n\t\t<div class=\"elementor-element elementor-element-1cf14e7 e-flex e-con-boxed e-con e-parent\" data-id=\"1cf14e7\" data-element_type=\"container\" data-e-type=\"container\">\n\t\t\t\t\t<div class=\"e-con-inner\">\n\t\t\t\t<div class=\"elementor-element elementor-element-c6245fb elementor-widget elementor-widget-text-editor\" data-id=\"c6245fb\" data-element_type=\"widget\" data-e-type=\"widget\" data-widget_type=\"text-editor.default\">\n\t\t\t\t<div class=\"elementor-widget-container\">\n\t\t\t\t\t\t\t\t\t<p>O bairro de \u00c1guas Lindas, em Ananindeua, na Regi\u00e3o Metropolitana de Bel\u00e9m, prepara-se para uma tarde de cultura, reflex\u00e3o e encontro. Nesta quinta-feira (30), das 15h \u00e0s 18h, a comunidade Moara recebe a mostra \u201cAs lutas contempor\u00e2neas dos povos ind\u00edgenas na Amaz\u00f4nia Brasileira\u201d, com uma programa\u00e7\u00e3o que re\u00fane exposi\u00e7\u00e3o, gastronomia e apresenta\u00e7\u00f5es art\u00edsticas abertas ao p\u00fablico.<\/p><p>\u00a0<\/p><p>A mostra \u00e9 uma iniciativa do Centro de Educa\u00e7\u00e3o Neo-humanista de Ananda Marga (Cenhamar) e marca o encerramento de um ciclo formativo do Projeto Kurumin. Realizada na Biblioteca Comunit\u00e1ria Moara, a programa\u00e7\u00e3o d\u00e1 visibilidade \u00e0s produ\u00e7\u00f5es constru\u00eddas ao longo das atividades e ao processo educativo vivido por crian\u00e7as, jovens e moradores da comunidade.<\/p><p>\u00a0<\/p><p>Nesta edi\u00e7\u00e3o, o tema amplia o alcance da iniciativa ao trazer para o centro do debate as lutas contempor\u00e2neas dos povos ind\u00edgenas. Em um cen\u00e1rio de intensos conflitos socioambientais na Amaz\u00f4nia, a proposta convida o p\u00fablico a refletir sobre a partir da cultura, da arte e da educa\u00e7\u00e3o.<\/p><p>\u00a0<\/p><p>A mostra tamb\u00e9m evidencia o papel dos pontos de cultura como espa\u00e7os de transforma\u00e7\u00e3o social, especialmente em \u00e1reas marcadas por vulnerabilidade social. A iniciativa, que integra forma\u00e7\u00e3o, produ\u00e7\u00e3o cultural e participa\u00e7\u00e3o comunit\u00e1ria, busca fortalecer pr\u00e1ticas culturais mais inclusivas e conectadas com a realidade dos territ\u00f3rios.<\/p><p>\u00a0<\/p><p>\u201cA import\u00e2ncia desse projeto est\u00e1 em reconhecer os povos ind\u00edgenas como autores de uma matriz cultural fundamental, especialmente para n\u00f3s, enquanto povo amaz\u00f4nico. Trata-se de dar visibilidade a aspectos do nosso cotidiano, como alimenta\u00e7\u00e3o, linguagem, modos de viver, que t\u00eam origem ind\u00edgena, promovendo essa reflex\u00e3o entre crian\u00e7as, adolescentes e a comunidade\u201d, destaca Bruno Santos, diretor-executivo do projeto.<\/p><p>\u00a0<\/p><p>\u201cEsse movimento tamb\u00e9m contribui para a supera\u00e7\u00e3o do racismo, ao questionar vis\u00f5es herdadas da coloniza\u00e7\u00e3o e fortalecer uma perspectiva decolonial que valoriza essas contribui\u00e7\u00f5es de forma positiva. Al\u00e9m disso, o projeto dialoga com as lutas contempor\u00e2neas dos povos ind\u00edgenas, evidenciando a rela\u00e7\u00e3o entre preserva\u00e7\u00e3o cultural, ambiental e educacional, e refor\u00e7ando que cultura, educa\u00e7\u00e3o e meio ambiente s\u00e3o insepar\u00e1veis para a exist\u00eancia e resist\u00eancia dos povos\u201d, completa.<\/p><p>\u00a0<\/p><h5>Projeto Kurumin<\/h5><p>O Kurumin sintetiza esse processo. Ao longo de suas atividades, o projeto promove a valoriza\u00e7\u00e3o das culturas ind\u00edgenas por meio de pr\u00e1ticas pedag\u00f3gicas que envolvem pintura, culin\u00e1ria, leitura e diferentes express\u00f5es art\u00edsticas.<\/p><p>\u00a0<\/p><p>Criado em 2015, o Projeto Kurumin se consolidou como uma das principais a\u00e7\u00f5es culturais do Cenhamar. Em 2023, ganhou reconhecimento nacional ao ser premiado pelo Minist\u00e9rio da Cultura, refor\u00e7ando sua relev\u00e2ncia no campo da educa\u00e7\u00e3o e da cultura.<\/p><p>\u00a0<\/p><p>A mostra integra ainda o projeto de manuten\u00e7\u00e3o do ponto de cultura da institui\u00e7\u00e3o, selecionado pelo edital 003\/2025 da Secult-PA, dentro da Pol\u00edtica Nacional Cultura Viva. A iniciativa garante a continuidade de atividades culturais regulares e a realiza\u00e7\u00e3o de eventos que mobilizam a comunidade ao longo do ano.<\/p><p>\u00a0<\/p><p>O ponto de cultura atua em duas frentes principais: a forma\u00e7\u00e3o cont\u00ednua, com a\u00e7\u00f5es como biblioteca comunit\u00e1ria, cinema, capoeira e dan\u00e7a, e a realiza\u00e7\u00e3o de eventos culturais, que funcionam como espa\u00e7os de socializa\u00e7\u00e3o e visibilidade das produ\u00e7\u00f5es desenvolvidas.<\/p><p>\u00a0<\/p><h5>Sobre o Cenhamar<\/h5><p>Localizado em uma \u00e1rea marcada por vulnerabilidade social, pr\u00f3xima ao antigo lix\u00e3o do Aur\u00e1, o Cenhamar atua desde o in\u00edcio dos anos 2000 promovendo a\u00e7\u00f5es nas \u00e1reas de educa\u00e7\u00e3o, cultura e assist\u00eancia social. Seu trabalho \u00e9 voltado ao desenvolvimento integral de crian\u00e7as, jovens e fam\u00edlias da comunidade.<\/p><p>\u00a0<\/p><p>Em um territ\u00f3rio com poucos equipamentos culturais, iniciativas como essa ganham ainda mais relev\u00e2ncia. Para muitos moradores, o ponto de cultura representa o principal acesso gratuito a experi\u00eancias culturais e formativas.<\/p><p>\u00a0<\/p><p>Entre os espa\u00e7os mantidos pela institui\u00e7\u00e3o est\u00e1 a Biblioteca Comunit\u00e1ria Moara, que promove o acesso \u00e0 leitura e \u00e0 literatura, al\u00e9m de atuar na defesa desse direito como pol\u00edtica p\u00fablica. O espa\u00e7o tamb\u00e9m serve como base para diversas atividades educativas e culturais.<\/p><p>\u00a0<\/p><p>A atua\u00e7\u00e3o do Cenhamar se desdobra em outros projetos importantes, como o Quintal Visagento, voltado \u00e0 conta\u00e7\u00e3o de hist\u00f3rias e narrativas amaz\u00f4nicas; o Eco-Cine Moara, que leva sess\u00f5es de cinema \u00e0 comunidade; e o Arrastap\u00e9 dos Kurumins, tradicional festa cultural.<\/p><p>\u00a0<\/p><h5>Servi\u00e7o<\/h5><p>Mostra \u201cAs lutas contempor\u00e2neas dos povos ind\u00edgenas na Amaz\u00f4nia Brasileira\u201d.<br \/>Local: Biblioteca Comunit\u00e1ria Moara (Alameda Moara, n\u00ba 4 &#8211; \u00c1guas Lindas &#8211; Ananindeua) <br \/>Data: 30\/04\/2026.<br \/>Hora: 15h \u00e0s 18h.<\/p><p>\u00a0<\/p><h6>Texto e imagem:<\/h6><p><em>Divulga\u00e7\u00e3o do projeto.<\/em><\/p>\t\t\t\t\t\t\t\t<\/div>\n\t\t\t\t<\/div>\n\t\t\t\t\t<\/div>\n\t\t\t\t<\/div>\n\t\t\t\t<\/div>\n\t\t","protected":false},"excerpt":{"rendered":"<p>Mostra do Projeto Kurumin re\u00fane arte, mem\u00f3ria e luta ind\u00edgena em Ananindeua O bairro de \u00c1guas Lindas, em Ananindeua, na Regi\u00e3o Metropolitana de Bel\u00e9m, prepara-se para uma tarde de cultura, reflex\u00e3o e encontro. Nesta quinta-feira (30), das 15h \u00e0s 18h, a comunidade Moara recebe a mostra \u201cAs lutas contempor\u00e2neas dos povos ind\u00edgenas na Amaz\u00f4nia Brasileira\u201d, [&hellip;]<\/p>\n","protected":false},"author":3,"featured_media":2697,"comment_status":"open","ping_status":"open","sticky":false,"template":"","format":"standard","meta":{"footnotes":""},"categories":[12],"tags":[11],"class_list":["post-2696","post","type-post","status-publish","format-standard","has-post-thumbnail","hentry","category-noticias","tag-noticias"],"yoast_head":"<!-- This site is optimized with the Yoast SEO plugin v27.0 - https:\/\/yoast.com\/product\/yoast-seo-wordpress\/ -->\n<title>Mostra do Projeto Kurumin re\u00fane arte, mem\u00f3ria e luta ind\u00edgena em Ananindeua - NA CUIA<\/title>\n<meta name=\"robots\" content=\"index, follow, max-snippet:-1, max-image-preview:large, max-video-preview:-1\" \/>\n<link rel=\"canonical\" href=\"https:\/\/nacuia.org\/pt_br\/mostra-do-projeto-kurumin-reune-arte-memoria-e-luta-indigena-em-ananindeua\/\" \/>\n<meta property=\"og:locale\" content=\"pt_BR\" \/>\n<meta property=\"og:type\" content=\"article\" \/>\n<meta property=\"og:title\" content=\"Mostra do Projeto Kurumin re\u00fane arte, mem\u00f3ria e luta ind\u00edgena em Ananindeua - NA CUIA\" \/>\n<meta property=\"og:description\" content=\"Mostra do Projeto Kurumin re\u00fane arte, mem\u00f3ria e luta ind\u00edgena em Ananindeua O bairro de \u00c1guas Lindas, em Ananindeua, na Regi\u00e3o Metropolitana de Bel\u00e9m, prepara-se para uma tarde de cultura, reflex\u00e3o e encontro. Nesta quinta-feira (30), das 15h \u00e0s 18h, a comunidade Moara recebe a mostra \u201cAs lutas contempor\u00e2neas dos povos ind\u00edgenas na Amaz\u00f4nia Brasileira\u201d, [&hellip;]\" \/>\n<meta property=\"og:url\" content=\"https:\/\/nacuia.org\/pt_br\/mostra-do-projeto-kurumin-reune-arte-memoria-e-luta-indigena-em-ananindeua\/\" \/>\n<meta property=\"og:site_name\" content=\"NA CUIA\" \/>\n<meta property=\"article:published_time\" content=\"2026-04-28T15:12:00+00:00\" \/>\n<meta property=\"article:modified_time\" content=\"2026-04-28T15:20:37+00:00\" \/>\n<meta property=\"og:image\" content=\"https:\/\/nacuia.org\/wp-content\/uploads\/2026\/04\/WhatsApp-Image-2026-04-28-at-11.18.48-e1777389111353.jpeg\" \/>\n\t<meta property=\"og:image:width\" content=\"1000\" \/>\n\t<meta property=\"og:image:height\" content=\"750\" \/>\n\t<meta property=\"og:image:type\" content=\"image\/jpeg\" \/>\n<meta name=\"twitter:card\" content=\"summary_large_image\" \/>\n<meta name=\"twitter:label1\" content=\"Escrito por\" \/>\n\t<meta name=\"twitter:data1\" content=\"\" \/>\n\t<meta name=\"twitter:label2\" content=\"Est. tempo de leitura\" \/>\n\t<meta name=\"twitter:data2\" content=\"4 minutos\" \/>\n<script type=\"application\/ld+json\" class=\"yoast-schema-graph\">{\"@context\":\"https:\/\/schema.org\",\"@graph\":[{\"@type\":\"Article\",\"@id\":\"https:\/\/nacuia.org\/mostra-do-projeto-kurumin-reune-arte-memoria-e-luta-indigena-em-ananindeua\/#article\",\"isPartOf\":{\"@id\":\"https:\/\/nacuia.org\/mostra-do-projeto-kurumin-reune-arte-memoria-e-luta-indigena-em-ananindeua\/\"},\"author\":{\"name\":\"\",\"@id\":\"\"},\"headline\":\"Mostra do Projeto Kurumin re\u00fane arte, mem\u00f3ria e luta ind\u00edgena em Ananindeua\",\"datePublished\":\"2026-04-28T15:12:00+00:00\",\"dateModified\":\"2026-04-28T15:20:37+00:00\",\"mainEntityOfPage\":{\"@id\":\"https:\/\/nacuia.org\/mostra-do-projeto-kurumin-reune-arte-memoria-e-luta-indigena-em-ananindeua\/\"},\"wordCount\":813,\"commentCount\":0,\"image\":{\"@id\":\"https:\/\/nacuia.org\/mostra-do-projeto-kurumin-reune-arte-memoria-e-luta-indigena-em-ananindeua\/#primaryimage\"},\"thumbnailUrl\":\"https:\/\/nacuia.org\/wp-content\/uploads\/2026\/04\/WhatsApp-Image-2026-04-28-at-11.18.48-e1777389111353.jpeg\",\"keywords\":[\"Noticias\"],\"articleSection\":[\"Noticias\"],\"inLanguage\":\"pt-BR\",\"potentialAction\":[{\"@type\":\"CommentAction\",\"name\":\"Comment\",\"target\":[\"https:\/\/nacuia.org\/mostra-do-projeto-kurumin-reune-arte-memoria-e-luta-indigena-em-ananindeua\/#respond\"]}]},{\"@type\":\"WebPage\",\"@id\":\"https:\/\/nacuia.org\/mostra-do-projeto-kurumin-reune-arte-memoria-e-luta-indigena-em-ananindeua\/\",\"url\":\"https:\/\/nacuia.org\/mostra-do-projeto-kurumin-reune-arte-memoria-e-luta-indigena-em-ananindeua\/\",\"name\":\"Mostra do Projeto Kurumin re\u00fane arte, mem\u00f3ria e luta ind\u00edgena em Ananindeua - NA CUIA\",\"isPartOf\":{\"@id\":\"https:\/\/nacuia.org\/#website\"},\"primaryImageOfPage\":{\"@id\":\"https:\/\/nacuia.org\/mostra-do-projeto-kurumin-reune-arte-memoria-e-luta-indigena-em-ananindeua\/#primaryimage\"},\"image\":{\"@id\":\"https:\/\/nacuia.org\/mostra-do-projeto-kurumin-reune-arte-memoria-e-luta-indigena-em-ananindeua\/#primaryimage\"},\"thumbnailUrl\":\"https:\/\/nacuia.org\/wp-content\/uploads\/2026\/04\/WhatsApp-Image-2026-04-28-at-11.18.48-e1777389111353.jpeg\",\"datePublished\":\"2026-04-28T15:12:00+00:00\",\"dateModified\":\"2026-04-28T15:20:37+00:00\",\"author\":{\"@id\":\"\"},\"breadcrumb\":{\"@id\":\"https:\/\/nacuia.org\/mostra-do-projeto-kurumin-reune-arte-memoria-e-luta-indigena-em-ananindeua\/#breadcrumb\"},\"inLanguage\":\"pt-BR\",\"potentialAction\":[{\"@type\":\"ReadAction\",\"target\":[\"https:\/\/nacuia.org\/mostra-do-projeto-kurumin-reune-arte-memoria-e-luta-indigena-em-ananindeua\/\"]}]},{\"@type\":\"ImageObject\",\"inLanguage\":\"pt-BR\",\"@id\":\"https:\/\/nacuia.org\/mostra-do-projeto-kurumin-reune-arte-memoria-e-luta-indigena-em-ananindeua\/#primaryimage\",\"url\":\"https:\/\/nacuia.org\/wp-content\/uploads\/2026\/04\/WhatsApp-Image-2026-04-28-at-11.18.48-e1777389111353.jpeg\",\"contentUrl\":\"https:\/\/nacuia.org\/wp-content\/uploads\/2026\/04\/WhatsApp-Image-2026-04-28-at-11.18.48-e1777389111353.jpeg\",\"width\":1000,\"height\":750},{\"@type\":\"BreadcrumbList\",\"@id\":\"https:\/\/nacuia.org\/mostra-do-projeto-kurumin-reune-arte-memoria-e-luta-indigena-em-ananindeua\/#breadcrumb\",\"itemListElement\":[{\"@type\":\"ListItem\",\"position\":1,\"name\":\"In\u00edcio\",\"item\":\"https:\/\/nacuia.org\/\"},{\"@type\":\"ListItem\",\"position\":2,\"name\":\"Mostra do Projeto Kurumin re\u00fane arte, mem\u00f3ria e luta ind\u00edgena em Ananindeua\"}]},{\"@type\":\"WebSite\",\"@id\":\"https:\/\/nacuia.org\/#website\",\"url\":\"https:\/\/nacuia.org\/\",\"name\":\"NA CUIA\",\"description\":\"Associa\u00e7\u00e3o Cultural\",\"potentialAction\":[{\"@type\":\"SearchAction\",\"target\":{\"@type\":\"EntryPoint\",\"urlTemplate\":\"https:\/\/nacuia.org\/?s={search_term_string}\"},\"query-input\":{\"@type\":\"PropertyValueSpecification\",\"valueRequired\":true,\"valueName\":\"search_term_string\"}}],\"inLanguage\":\"pt-BR\"},{\"@type\":\"Person\",\"@id\":\"\",\"url\":\"https:\/\/nacuia.org\/pt_br\/author\/\"}]}<\/script>\n<!-- \/ Yoast SEO plugin. -->","yoast_head_json":{"title":"Mostra do Projeto Kurumin re\u00fane arte, mem\u00f3ria e luta ind\u00edgena em Ananindeua - NA CUIA","robots":{"index":"index","follow":"follow","max-snippet":"max-snippet:-1","max-image-preview":"max-image-preview:large","max-video-preview":"max-video-preview:-1"},"canonical":"https:\/\/nacuia.org\/pt_br\/mostra-do-projeto-kurumin-reune-arte-memoria-e-luta-indigena-em-ananindeua\/","og_locale":"pt_BR","og_type":"article","og_title":"Mostra do Projeto Kurumin re\u00fane arte, mem\u00f3ria e luta ind\u00edgena em Ananindeua - NA CUIA","og_description":"Mostra do Projeto Kurumin re\u00fane arte, mem\u00f3ria e luta ind\u00edgena em Ananindeua O bairro de \u00c1guas Lindas, em Ananindeua, na Regi\u00e3o Metropolitana de Bel\u00e9m, prepara-se para uma tarde de cultura, reflex\u00e3o e encontro. Nesta quinta-feira (30), das 15h \u00e0s 18h, a comunidade Moara recebe a mostra \u201cAs lutas contempor\u00e2neas dos povos ind\u00edgenas na Amaz\u00f4nia Brasileira\u201d, [&hellip;]","og_url":"https:\/\/nacuia.org\/pt_br\/mostra-do-projeto-kurumin-reune-arte-memoria-e-luta-indigena-em-ananindeua\/","og_site_name":"NA CUIA","article_published_time":"2026-04-28T15:12:00+00:00","article_modified_time":"2026-04-28T15:20:37+00:00","og_image":[{"width":1000,"height":750,"url":"https:\/\/nacuia.org\/wp-content\/uploads\/2026\/04\/WhatsApp-Image-2026-04-28-at-11.18.48-e1777389111353.jpeg","type":"image\/jpeg"}],"twitter_card":"summary_large_image","twitter_misc":{"Escrito por":"","Est. tempo de leitura":"4 minutos"},"schema":{"@context":"https:\/\/schema.org","@graph":[{"@type":"Article","@id":"https:\/\/nacuia.org\/mostra-do-projeto-kurumin-reune-arte-memoria-e-luta-indigena-em-ananindeua\/#article","isPartOf":{"@id":"https:\/\/nacuia.org\/mostra-do-projeto-kurumin-reune-arte-memoria-e-luta-indigena-em-ananindeua\/"},"author":{"name":"","@id":""},"headline":"Mostra do Projeto Kurumin re\u00fane arte, mem\u00f3ria e luta ind\u00edgena em Ananindeua","datePublished":"2026-04-28T15:12:00+00:00","dateModified":"2026-04-28T15:20:37+00:00","mainEntityOfPage":{"@id":"https:\/\/nacuia.org\/mostra-do-projeto-kurumin-reune-arte-memoria-e-luta-indigena-em-ananindeua\/"},"wordCount":813,"commentCount":0,"image":{"@id":"https:\/\/nacuia.org\/mostra-do-projeto-kurumin-reune-arte-memoria-e-luta-indigena-em-ananindeua\/#primaryimage"},"thumbnailUrl":"https:\/\/nacuia.org\/wp-content\/uploads\/2026\/04\/WhatsApp-Image-2026-04-28-at-11.18.48-e1777389111353.jpeg","keywords":["Noticias"],"articleSection":["Noticias"],"inLanguage":"pt-BR","potentialAction":[{"@type":"CommentAction","name":"Comment","target":["https:\/\/nacuia.org\/mostra-do-projeto-kurumin-reune-arte-memoria-e-luta-indigena-em-ananindeua\/#respond"]}]},{"@type":"WebPage","@id":"https:\/\/nacuia.org\/mostra-do-projeto-kurumin-reune-arte-memoria-e-luta-indigena-em-ananindeua\/","url":"https:\/\/nacuia.org\/mostra-do-projeto-kurumin-reune-arte-memoria-e-luta-indigena-em-ananindeua\/","name":"Mostra do Projeto Kurumin re\u00fane arte, mem\u00f3ria e luta ind\u00edgena em Ananindeua - NA CUIA","isPartOf":{"@id":"https:\/\/nacuia.org\/#website"},"primaryImageOfPage":{"@id":"https:\/\/nacuia.org\/mostra-do-projeto-kurumin-reune-arte-memoria-e-luta-indigena-em-ananindeua\/#primaryimage"},"image":{"@id":"https:\/\/nacuia.org\/mostra-do-projeto-kurumin-reune-arte-memoria-e-luta-indigena-em-ananindeua\/#primaryimage"},"thumbnailUrl":"https:\/\/nacuia.org\/wp-content\/uploads\/2026\/04\/WhatsApp-Image-2026-04-28-at-11.18.48-e1777389111353.jpeg","datePublished":"2026-04-28T15:12:00+00:00","dateModified":"2026-04-28T15:20:37+00:00","author":{"@id":""},"breadcrumb":{"@id":"https:\/\/nacuia.org\/mostra-do-projeto-kurumin-reune-arte-memoria-e-luta-indigena-em-ananindeua\/#breadcrumb"},"inLanguage":"pt-BR","potentialAction":[{"@type":"ReadAction","target":["https:\/\/nacuia.org\/mostra-do-projeto-kurumin-reune-arte-memoria-e-luta-indigena-em-ananindeua\/"]}]},{"@type":"ImageObject","inLanguage":"pt-BR","@id":"https:\/\/nacuia.org\/mostra-do-projeto-kurumin-reune-arte-memoria-e-luta-indigena-em-ananindeua\/#primaryimage","url":"https:\/\/nacuia.org\/wp-content\/uploads\/2026\/04\/WhatsApp-Image-2026-04-28-at-11.18.48-e1777389111353.jpeg","contentUrl":"https:\/\/nacuia.org\/wp-content\/uploads\/2026\/04\/WhatsApp-Image-2026-04-28-at-11.18.48-e1777389111353.jpeg","width":1000,"height":750},{"@type":"BreadcrumbList","@id":"https:\/\/nacuia.org\/mostra-do-projeto-kurumin-reune-arte-memoria-e-luta-indigena-em-ananindeua\/#breadcrumb","itemListElement":[{"@type":"ListItem","position":1,"name":"In\u00edcio","item":"https:\/\/nacuia.org\/"},{"@type":"ListItem","position":2,"name":"Mostra do Projeto Kurumin re\u00fane arte, mem\u00f3ria e luta ind\u00edgena em Ananindeua"}]},{"@type":"WebSite","@id":"https:\/\/nacuia.org\/#website","url":"https:\/\/nacuia.org\/","name":"NA CUIA","description":"Associa\u00e7\u00e3o Cultural","potentialAction":[{"@type":"SearchAction","target":{"@type":"EntryPoint","urlTemplate":"https:\/\/nacuia.org\/?s={search_term_string}"},"query-input":{"@type":"PropertyValueSpecification","valueRequired":true,"valueName":"search_term_string"}}],"inLanguage":"pt-BR"},{"@type":"Person","@id":"","url":"https:\/\/nacuia.org\/pt_br\/author\/"}]}},"_links":{"self":[{"href":"https:\/\/nacuia.org\/pt_br\/wp-json\/wp\/v2\/posts\/2696","targetHints":{"allow":["GET"]}}],"collection":[{"href":"https:\/\/nacuia.org\/pt_br\/wp-json\/wp\/v2\/posts"}],"about":[{"href":"https:\/\/nacuia.org\/pt_br\/wp-json\/wp\/v2\/types\/post"}],"author":[{"embeddable":true,"href":"https:\/\/nacuia.org\/pt_br\/wp-json\/wp\/v2\/users\/3"}],"replies":[{"embeddable":true,"href":"https:\/\/nacuia.org\/pt_br\/wp-json\/wp\/v2\/comments?post=2696"}],"version-history":[{"count":7,"href":"https:\/\/nacuia.org\/pt_br\/wp-json\/wp\/v2\/posts\/2696\/revisions"}],"predecessor-version":[{"id":2705,"href":"https:\/\/nacuia.org\/pt_br\/wp-json\/wp\/v2\/posts\/2696\/revisions\/2705"}],"wp:featuredmedia":[{"embeddable":true,"href":"https:\/\/nacuia.org\/pt_br\/wp-json\/wp\/v2\/media\/2697"}],"wp:attachment":[{"href":"https:\/\/nacuia.org\/pt_br\/wp-json\/wp\/v2\/media?parent=2696"}],"wp:term":[{"taxonomy":"category","embeddable":true,"href":"https:\/\/nacuia.org\/pt_br\/wp-json\/wp\/v2\/categories?post=2696"},{"taxonomy":"post_tag","embeddable":true,"href":"https:\/\/nacuia.org\/pt_br\/wp-json\/wp\/v2\/tags?post=2696"}],"curies":[{"name":"wp","href":"https:\/\/api.w.org\/{rel}","templated":true}]}}