{"id":1286,"date":"2025-09-08T13:18:58","date_gmt":"2025-09-08T16:18:58","guid":{"rendered":"https:\/\/nacuia.org\/?p=1286"},"modified":"2025-10-07T16:09:45","modified_gmt":"2025-10-07T19:09:45","slug":"mestres-e-mestras-da-cultura-popular-paraense","status":"publish","type":"post","link":"https:\/\/nacuia.org\/pt_br\/mestres-e-mestras-da-cultura-popular-paraense\/","title":{"rendered":"Comit\u00ea de Comunicadores Populares das Baixadas de Bel\u00e9m"},"content":{"rendered":"\t\t<div data-elementor-type=\"wp-post\" data-elementor-id=\"1286\" class=\"elementor elementor-1286\" data-elementor-post-type=\"post\">\n\t\t\t\t<div class=\"elementor-element elementor-element-f98fc31 e-flex e-con-boxed e-con e-parent\" data-id=\"f98fc31\" data-element_type=\"container\" data-e-type=\"container\">\n\t\t\t\t\t<div class=\"e-con-inner\">\n\t\t\t\t<div class=\"elementor-element elementor-element-35e8a08d elementor-widget__width-initial elementor-widget elementor-widget-text-editor\" data-id=\"35e8a08d\" data-element_type=\"widget\" data-e-type=\"widget\" data-widget_type=\"text-editor.default\">\n\t\t\t\t<div class=\"elementor-widget-container\">\n\t\t\t\t\t\t\t\t\t<p><\/p>\n<p><strong>Comit\u00ea de Comunicadores Populares das Baixadas de Bel\u00e9m<\/strong><\/p>\n<p><\/p>\n<p><strong><br \/><\/strong>Articula\u00e7\u00e3o territorial e forma\u00e7\u00e3o pol\u00edtica e t\u00e9cnica para comunicadores(as) populares das Baixadas de Bel\u00e9m, com foco no enfrentamento ao racismo ambiental, na defesa dos territ\u00f3rios e na amplia\u00e7\u00e3o da incid\u00eancia midi\u00e1tica de base comunit\u00e1ria.\u00a0\u00a0<\/p>\n<div class=\"wp-block-buttons\">\n<p><\/p>\n<\/div>\n<p><!-- \/wp:buttons --><!-- wp:image --><\/p>\n<figure class=\"wp-block-image\"><\/figure>\n<p><!-- \/wp:image --><\/p>\t\t\t\t\t\t\t\t<\/div>\n\t\t\t\t<\/div>\n\t\t\t\t<div class=\"elementor-element elementor-element-cf0e3ce elementor-widget elementor-widget-button\" data-id=\"cf0e3ce\" data-element_type=\"widget\" data-e-type=\"widget\" data-widget_type=\"button.default\">\n\t\t\t\t<div class=\"elementor-widget-container\">\n\t\t\t\t\t\t\t\t\t<div class=\"elementor-button-wrapper\">\n\t\t\t\t\t<a class=\"elementor-button elementor-button-link elementor-size-sm\" href=\"https:\/\/www.canva.com\/design\/DAGnhUrdT4M\/wAqJakTMnQNVjtKS4CZFlw\/view?utm_content=DAGnhUrdT4M&#038;utm_campaign=designshare&#038;utm_medium=link2&#038;utm_source=uniquelinks&#038;utlId=h9292b80df8\">\n\t\t\t\t\t\t<span class=\"elementor-button-content-wrapper\">\n\t\t\t\t\t\t\t\t\t<span class=\"elementor-button-text\">Saiba mais <\/span>\n\t\t\t\t\t<\/span>\n\t\t\t\t\t<\/a>\n\t\t\t\t<\/div>\n\t\t\t\t\t\t\t\t<\/div>\n\t\t\t\t<\/div>\n\t\t\t\t\t<\/div>\n\t\t\t\t<\/div>\n\t\t\t\t<\/div>\n\t\t","protected":false},"excerpt":{"rendered":"<p>Saiba mais<\/p>\n","protected":false},"author":1,"featured_media":1510,"comment_status":"open","ping_status":"open","sticky":false,"template":"","format":"standard","meta":{"footnotes":""},"categories":[7],"tags":[28],"class_list":["post-1286","post","type-post","status-publish","format-standard","has-post-thumbnail","hentry","category-projetos","tag-projetos"],"yoast_head":"<!-- This site is optimized with the Yoast SEO plugin v27.0 - https:\/\/yoast.com\/product\/yoast-seo-wordpress\/ -->\n<title>Comit\u00ea de Comunicadores Populares das Baixadas de Bel\u00e9m - NA CUIA<\/title>\n<meta name=\"robots\" content=\"index, follow, max-snippet:-1, max-image-preview:large, max-video-preview:-1\" \/>\n<link rel=\"canonical\" href=\"https:\/\/nacuia.org\/pt_br\/mestres-e-mestras-da-cultura-popular-paraense\/\" \/>\n<meta property=\"og:locale\" content=\"pt_BR\" \/>\n<meta property=\"og:type\" content=\"article\" \/>\n<meta property=\"og:title\" content=\"Comit\u00ea de Comunicadores Populares das Baixadas de Bel\u00e9m - NA CUIA\" \/>\n<meta property=\"og:description\" content=\"Saiba mais\" \/>\n<meta property=\"og:url\" content=\"https:\/\/nacuia.org\/pt_br\/mestres-e-mestras-da-cultura-popular-paraense\/\" \/>\n<meta property=\"og:site_name\" content=\"NA CUIA\" \/>\n<meta property=\"article:published_time\" content=\"2025-09-08T16:18:58+00:00\" \/>\n<meta property=\"article:modified_time\" content=\"2025-10-07T19:09:45+00:00\" \/>\n<meta property=\"og:image\" content=\"https:\/\/nacuia.org\/wp-content\/uploads\/2025\/09\/Formacao-Comite-47-1-1024x768.jpg\" \/>\n\t<meta property=\"og:image:width\" content=\"1024\" \/>\n\t<meta property=\"og:image:height\" content=\"768\" \/>\n\t<meta property=\"og:image:type\" content=\"image\/jpeg\" \/>\n<meta name=\"author\" content=\"Samuel Novaes\" \/>\n<meta name=\"twitter:card\" content=\"summary_large_image\" \/>\n<meta name=\"twitter:label1\" content=\"Escrito por\" \/>\n\t<meta name=\"twitter:data1\" content=\"Samuel Novaes\" \/>\n<script type=\"application\/ld+json\" class=\"yoast-schema-graph\">{\"@context\":\"https:\/\/schema.org\",\"@graph\":[{\"@type\":\"Article\",\"@id\":\"https:\/\/nacuia.org\/mestres-e-mestras-da-cultura-popular-paraense\/#article\",\"isPartOf\":{\"@id\":\"https:\/\/nacuia.org\/mestres-e-mestras-da-cultura-popular-paraense\/\"},\"author\":{\"name\":\"Samuel Novaes\",\"@id\":\"https:\/\/nacuia.org\/#\/schema\/person\/79e974fec500009f970d4042fcd45530\"},\"headline\":\"Comit\u00ea de Comunicadores Populares das Baixadas de Bel\u00e9m\",\"datePublished\":\"2025-09-08T16:18:58+00:00\",\"dateModified\":\"2025-10-07T19:09:45+00:00\",\"mainEntityOfPage\":{\"@id\":\"https:\/\/nacuia.org\/mestres-e-mestras-da-cultura-popular-paraense\/\"},\"wordCount\":11,\"commentCount\":0,\"image\":{\"@id\":\"https:\/\/nacuia.org\/mestres-e-mestras-da-cultura-popular-paraense\/#primaryimage\"},\"thumbnailUrl\":\"https:\/\/nacuia.org\/wp-content\/uploads\/2025\/09\/Formacao-Comite-47-1.jpg\",\"keywords\":[\"Projetos\"],\"articleSection\":[\"Projetos\"],\"inLanguage\":\"pt-BR\",\"potentialAction\":[{\"@type\":\"CommentAction\",\"name\":\"Comment\",\"target\":[\"https:\/\/nacuia.org\/mestres-e-mestras-da-cultura-popular-paraense\/#respond\"]}]},{\"@type\":\"WebPage\",\"@id\":\"https:\/\/nacuia.org\/mestres-e-mestras-da-cultura-popular-paraense\/\",\"url\":\"https:\/\/nacuia.org\/mestres-e-mestras-da-cultura-popular-paraense\/\",\"name\":\"Comit\u00ea de Comunicadores Populares das Baixadas de Bel\u00e9m - NA CUIA\",\"isPartOf\":{\"@id\":\"https:\/\/nacuia.org\/#website\"},\"primaryImageOfPage\":{\"@id\":\"https:\/\/nacuia.org\/mestres-e-mestras-da-cultura-popular-paraense\/#primaryimage\"},\"image\":{\"@id\":\"https:\/\/nacuia.org\/mestres-e-mestras-da-cultura-popular-paraense\/#primaryimage\"},\"thumbnailUrl\":\"https:\/\/nacuia.org\/wp-content\/uploads\/2025\/09\/Formacao-Comite-47-1.jpg\",\"datePublished\":\"2025-09-08T16:18:58+00:00\",\"dateModified\":\"2025-10-07T19:09:45+00:00\",\"author\":{\"@id\":\"https:\/\/nacuia.org\/#\/schema\/person\/79e974fec500009f970d4042fcd45530\"},\"breadcrumb\":{\"@id\":\"https:\/\/nacuia.org\/mestres-e-mestras-da-cultura-popular-paraense\/#breadcrumb\"},\"inLanguage\":\"pt-BR\",\"potentialAction\":[{\"@type\":\"ReadAction\",\"target\":[\"https:\/\/nacuia.org\/mestres-e-mestras-da-cultura-popular-paraense\/\"]}]},{\"@type\":\"ImageObject\",\"inLanguage\":\"pt-BR\",\"@id\":\"https:\/\/nacuia.org\/mestres-e-mestras-da-cultura-popular-paraense\/#primaryimage\",\"url\":\"https:\/\/nacuia.org\/wp-content\/uploads\/2025\/09\/Formacao-Comite-47-1.jpg\",\"contentUrl\":\"https:\/\/nacuia.org\/wp-content\/uploads\/2025\/09\/Formacao-Comite-47-1.jpg\",\"width\":2048,\"height\":1536,\"caption\":\"Comit\u00ea de Comunicadores Populares das Baixadas de Bel\u00e9m\"},{\"@type\":\"BreadcrumbList\",\"@id\":\"https:\/\/nacuia.org\/mestres-e-mestras-da-cultura-popular-paraense\/#breadcrumb\",\"itemListElement\":[{\"@type\":\"ListItem\",\"position\":1,\"name\":\"In\u00edcio\",\"item\":\"https:\/\/nacuia.org\/\"},{\"@type\":\"ListItem\",\"position\":2,\"name\":\"Comit\u00ea de Comunicadores Populares das Baixadas de Bel\u00e9m\"}]},{\"@type\":\"WebSite\",\"@id\":\"https:\/\/nacuia.org\/#website\",\"url\":\"https:\/\/nacuia.org\/\",\"name\":\"NA CUIA\",\"description\":\"Associa\u00e7\u00e3o Cultural\",\"potentialAction\":[{\"@type\":\"SearchAction\",\"target\":{\"@type\":\"EntryPoint\",\"urlTemplate\":\"https:\/\/nacuia.org\/?s={search_term_string}\"},\"query-input\":{\"@type\":\"PropertyValueSpecification\",\"valueRequired\":true,\"valueName\":\"search_term_string\"}}],\"inLanguage\":\"pt-BR\"},{\"@type\":\"Person\",\"@id\":\"https:\/\/nacuia.org\/#\/schema\/person\/79e974fec500009f970d4042fcd45530\",\"name\":\"Samuel Novaes\",\"image\":{\"@type\":\"ImageObject\",\"inLanguage\":\"pt-BR\",\"@id\":\"https:\/\/nacuia.org\/#\/schema\/person\/image\/\",\"url\":\"https:\/\/secure.gravatar.com\/avatar\/af180ecd2fe8f0f6aac621c718549ccf61ae66e840bb1724b24de034ebc187ca?s=96&d=mm&r=g\",\"contentUrl\":\"https:\/\/secure.gravatar.com\/avatar\/af180ecd2fe8f0f6aac621c718549ccf61ae66e840bb1724b24de034ebc187ca?s=96&d=mm&r=g\",\"caption\":\"Samuel Novaes\"},\"sameAs\":[\"https:\/\/nacuia.org\"],\"url\":\"https:\/\/nacuia.org\/pt_br\/author\/leonardo\/\"}]}<\/script>\n<!-- \/ Yoast SEO plugin. -->","yoast_head_json":{"title":"Comit\u00ea de Comunicadores Populares das Baixadas de Bel\u00e9m - NA CUIA","robots":{"index":"index","follow":"follow","max-snippet":"max-snippet:-1","max-image-preview":"max-image-preview:large","max-video-preview":"max-video-preview:-1"},"canonical":"https:\/\/nacuia.org\/pt_br\/mestres-e-mestras-da-cultura-popular-paraense\/","og_locale":"pt_BR","og_type":"article","og_title":"Comit\u00ea de Comunicadores Populares das Baixadas de Bel\u00e9m - NA CUIA","og_description":"Saiba mais","og_url":"https:\/\/nacuia.org\/pt_br\/mestres-e-mestras-da-cultura-popular-paraense\/","og_site_name":"NA CUIA","article_published_time":"2025-09-08T16:18:58+00:00","article_modified_time":"2025-10-07T19:09:45+00:00","og_image":[{"width":1024,"height":768,"url":"https:\/\/nacuia.org\/wp-content\/uploads\/2025\/09\/Formacao-Comite-47-1-1024x768.jpg","type":"image\/jpeg"}],"author":"Samuel Novaes","twitter_card":"summary_large_image","twitter_misc":{"Escrito por":"Samuel Novaes"},"schema":{"@context":"https:\/\/schema.org","@graph":[{"@type":"Article","@id":"https:\/\/nacuia.org\/mestres-e-mestras-da-cultura-popular-paraense\/#article","isPartOf":{"@id":"https:\/\/nacuia.org\/mestres-e-mestras-da-cultura-popular-paraense\/"},"author":{"name":"Samuel Novaes","@id":"https:\/\/nacuia.org\/#\/schema\/person\/79e974fec500009f970d4042fcd45530"},"headline":"Comit\u00ea de Comunicadores Populares das Baixadas de Bel\u00e9m","datePublished":"2025-09-08T16:18:58+00:00","dateModified":"2025-10-07T19:09:45+00:00","mainEntityOfPage":{"@id":"https:\/\/nacuia.org\/mestres-e-mestras-da-cultura-popular-paraense\/"},"wordCount":11,"commentCount":0,"image":{"@id":"https:\/\/nacuia.org\/mestres-e-mestras-da-cultura-popular-paraense\/#primaryimage"},"thumbnailUrl":"https:\/\/nacuia.org\/wp-content\/uploads\/2025\/09\/Formacao-Comite-47-1.jpg","keywords":["Projetos"],"articleSection":["Projetos"],"inLanguage":"pt-BR","potentialAction":[{"@type":"CommentAction","name":"Comment","target":["https:\/\/nacuia.org\/mestres-e-mestras-da-cultura-popular-paraense\/#respond"]}]},{"@type":"WebPage","@id":"https:\/\/nacuia.org\/mestres-e-mestras-da-cultura-popular-paraense\/","url":"https:\/\/nacuia.org\/mestres-e-mestras-da-cultura-popular-paraense\/","name":"Comit\u00ea de Comunicadores Populares das Baixadas de Bel\u00e9m - NA CUIA","isPartOf":{"@id":"https:\/\/nacuia.org\/#website"},"primaryImageOfPage":{"@id":"https:\/\/nacuia.org\/mestres-e-mestras-da-cultura-popular-paraense\/#primaryimage"},"image":{"@id":"https:\/\/nacuia.org\/mestres-e-mestras-da-cultura-popular-paraense\/#primaryimage"},"thumbnailUrl":"https:\/\/nacuia.org\/wp-content\/uploads\/2025\/09\/Formacao-Comite-47-1.jpg","datePublished":"2025-09-08T16:18:58+00:00","dateModified":"2025-10-07T19:09:45+00:00","author":{"@id":"https:\/\/nacuia.org\/#\/schema\/person\/79e974fec500009f970d4042fcd45530"},"breadcrumb":{"@id":"https:\/\/nacuia.org\/mestres-e-mestras-da-cultura-popular-paraense\/#breadcrumb"},"inLanguage":"pt-BR","potentialAction":[{"@type":"ReadAction","target":["https:\/\/nacuia.org\/mestres-e-mestras-da-cultura-popular-paraense\/"]}]},{"@type":"ImageObject","inLanguage":"pt-BR","@id":"https:\/\/nacuia.org\/mestres-e-mestras-da-cultura-popular-paraense\/#primaryimage","url":"https:\/\/nacuia.org\/wp-content\/uploads\/2025\/09\/Formacao-Comite-47-1.jpg","contentUrl":"https:\/\/nacuia.org\/wp-content\/uploads\/2025\/09\/Formacao-Comite-47-1.jpg","width":2048,"height":1536,"caption":"Comit\u00ea de Comunicadores Populares das Baixadas de Bel\u00e9m"},{"@type":"BreadcrumbList","@id":"https:\/\/nacuia.org\/mestres-e-mestras-da-cultura-popular-paraense\/#breadcrumb","itemListElement":[{"@type":"ListItem","position":1,"name":"In\u00edcio","item":"https:\/\/nacuia.org\/"},{"@type":"ListItem","position":2,"name":"Comit\u00ea de Comunicadores Populares das Baixadas de Bel\u00e9m"}]},{"@type":"WebSite","@id":"https:\/\/nacuia.org\/#website","url":"https:\/\/nacuia.org\/","name":"NA CUIA","description":"Associa\u00e7\u00e3o Cultural","potentialAction":[{"@type":"SearchAction","target":{"@type":"EntryPoint","urlTemplate":"https:\/\/nacuia.org\/?s={search_term_string}"},"query-input":{"@type":"PropertyValueSpecification","valueRequired":true,"valueName":"search_term_string"}}],"inLanguage":"pt-BR"},{"@type":"Person","@id":"https:\/\/nacuia.org\/#\/schema\/person\/79e974fec500009f970d4042fcd45530","name":"Samuel Novaes","image":{"@type":"ImageObject","inLanguage":"pt-BR","@id":"https:\/\/nacuia.org\/#\/schema\/person\/image\/","url":"https:\/\/secure.gravatar.com\/avatar\/af180ecd2fe8f0f6aac621c718549ccf61ae66e840bb1724b24de034ebc187ca?s=96&d=mm&r=g","contentUrl":"https:\/\/secure.gravatar.com\/avatar\/af180ecd2fe8f0f6aac621c718549ccf61ae66e840bb1724b24de034ebc187ca?s=96&d=mm&r=g","caption":"Samuel Novaes"},"sameAs":["https:\/\/nacuia.org"],"url":"https:\/\/nacuia.org\/pt_br\/author\/leonardo\/"}]}},"_links":{"self":[{"href":"https:\/\/nacuia.org\/pt_br\/wp-json\/wp\/v2\/posts\/1286","targetHints":{"allow":["GET"]}}],"collection":[{"href":"https:\/\/nacuia.org\/pt_br\/wp-json\/wp\/v2\/posts"}],"about":[{"href":"https:\/\/nacuia.org\/pt_br\/wp-json\/wp\/v2\/types\/post"}],"author":[{"embeddable":true,"href":"https:\/\/nacuia.org\/pt_br\/wp-json\/wp\/v2\/users\/1"}],"replies":[{"embeddable":true,"href":"https:\/\/nacuia.org\/pt_br\/wp-json\/wp\/v2\/comments?post=1286"}],"version-history":[{"count":17,"href":"https:\/\/nacuia.org\/pt_br\/wp-json\/wp\/v2\/posts\/1286\/revisions"}],"predecessor-version":[{"id":1632,"href":"https:\/\/nacuia.org\/pt_br\/wp-json\/wp\/v2\/posts\/1286\/revisions\/1632"}],"wp:featuredmedia":[{"embeddable":true,"href":"https:\/\/nacuia.org\/pt_br\/wp-json\/wp\/v2\/media\/1510"}],"wp:attachment":[{"href":"https:\/\/nacuia.org\/pt_br\/wp-json\/wp\/v2\/media?parent=1286"}],"wp:term":[{"taxonomy":"category","embeddable":true,"href":"https:\/\/nacuia.org\/pt_br\/wp-json\/wp\/v2\/categories?post=1286"},{"taxonomy":"post_tag","embeddable":true,"href":"https:\/\/nacuia.org\/pt_br\/wp-json\/wp\/v2\/tags?post=1286"}],"curies":[{"name":"wp","href":"https:\/\/api.w.org\/{rel}","templated":true}]}}