{"id":1284,"date":"2025-09-08T13:18:04","date_gmt":"2025-09-08T16:18:04","guid":{"rendered":"https:\/\/nacuia.org\/?p=1284"},"modified":"2025-10-07T16:09:35","modified_gmt":"2025-10-07T19:09:35","slug":"festival-kuyera","status":"publish","type":"post","link":"https:\/\/nacuia.org\/en\/festival-kuyera\/","title":{"rendered":"Climart"},"content":{"rendered":"<div data-elementor-type=\"wp-post\" data-elementor-id=\"1284\" class=\"elementor elementor-1284\" data-elementor-post-type=\"post\">\n\t\t\t\t<div class=\"elementor-element elementor-element-29785ad3 e-flex e-con-boxed e-con e-parent\" data-id=\"29785ad3\" data-element_type=\"container\" data-e-type=\"container\">\n\t\t\t\t\t<div class=\"e-con-inner\">\n\t\t\t\t<div class=\"elementor-element elementor-element-66e07367 elementor-widget elementor-widget-text-editor\" data-id=\"66e07367\" data-element_type=\"widget\" data-e-type=\"widget\" data-widget_type=\"text-editor.default\">\n\t\t\t\t<div class=\"elementor-widget-container\">\n\t\t\t\t\t\t\t\t\t\n<p>Plataforma de ARTivismo Clim\u00e1tico que mobiliza crian\u00e7as, adolescentes e jovens para dialogar sobre mudan\u00e7as clim\u00e1ticas atrav\u00e9s de oficinas de reciclagem, colagem, m\u00fasica, misturando arte com consci\u00eancia ambiental.\u00a0<br><\/p>\n\t\t\t\t\t\t\t\t<\/div>\n\t\t\t\t<\/div>\n\t\t\t\t<div class=\"elementor-element elementor-element-15fc5cc elementor-widget elementor-widget-button\" data-id=\"15fc5cc\" data-element_type=\"widget\" data-e-type=\"widget\" data-widget_type=\"button.default\">\n\t\t\t\t<div class=\"elementor-widget-container\">\n\t\t\t\t\t\t\t\t\t<div class=\"elementor-button-wrapper\">\n\t\t\t\t\t<a class=\"elementor-button elementor-button-link elementor-size-sm\" href=\"https:\/\/drive.google.com\/file\/d\/1xkQkq6s_Yjcsobfq0B5nBrptw8x5G_kw\/view?usp=sharing%20\">\n\t\t\t\t\t\t<span class=\"elementor-button-content-wrapper\">\n\t\t\t\t\t\t\t\t\t<span class=\"elementor-button-text\">Click here <\/span>\n\t\t\t\t\t<\/span>\n\t\t\t\t\t<\/a>\n\t\t\t\t<\/div>\n\t\t\t\t\t\t\t\t<\/div>\n\t\t\t\t<\/div>\n\t\t\t\t\t<\/div>\n\t\t\t\t<\/div>\n\t\t\t\t<\/div>","protected":false},"excerpt":{"rendered":"<p>Plataforma de ARTivismo Clim\u00e1tico que mobiliza crian\u00e7as, adolescentes e jovens para dialogar sobre mudan\u00e7as clim\u00e1ticas atrav\u00e9s de oficinas de reciclagem, colagem, m\u00fasica, misturando arte com consci\u00eancia ambiental.\u00a0 SAIBA MAIS<\/p>","protected":false},"author":1,"featured_media":1521,"comment_status":"open","ping_status":"open","sticky":false,"template":"","format":"standard","meta":{"footnotes":""},"categories":[7],"tags":[28],"class_list":["post-1284","post","type-post","status-publish","format-standard","has-post-thumbnail","hentry","category-projetos","tag-projetos"],"yoast_head":"<!-- This site is optimized with the Yoast SEO plugin v27.0 - https:\/\/yoast.com\/product\/yoast-seo-wordpress\/ -->\n<title>Climart - NA CUIA<\/title>\n<meta name=\"robots\" content=\"index, follow, max-snippet:-1, max-image-preview:large, max-video-preview:-1\" \/>\n<link rel=\"canonical\" href=\"https:\/\/nacuia.org\/en\/festival-kuyera\/\" \/>\n<meta property=\"og:locale\" content=\"en_US\" \/>\n<meta property=\"og:type\" content=\"article\" \/>\n<meta property=\"og:title\" content=\"Climart - NA CUIA\" \/>\n<meta property=\"og:description\" content=\"Plataforma de ARTivismo Clim\u00e1tico que mobiliza crian\u00e7as, adolescentes e jovens para dialogar sobre mudan\u00e7as clim\u00e1ticas atrav\u00e9s de oficinas de reciclagem, colagem, m\u00fasica, misturando arte com consci\u00eancia ambiental.\u00a0 SAIBA MAIS\" \/>\n<meta property=\"og:url\" content=\"https:\/\/nacuia.org\/en\/festival-kuyera\/\" \/>\n<meta property=\"og:site_name\" content=\"NA CUIA\" \/>\n<meta property=\"article:published_time\" content=\"2025-09-08T16:18:04+00:00\" \/>\n<meta property=\"article:modified_time\" content=\"2025-10-07T19:09:35+00:00\" \/>\n<meta property=\"og:image\" content=\"https:\/\/nacuia.org\/wp-content\/uploads\/2025\/09\/Climart-1024x576.png\" \/>\n\t<meta property=\"og:image:width\" content=\"1024\" \/>\n\t<meta property=\"og:image:height\" content=\"576\" \/>\n\t<meta property=\"og:image:type\" content=\"image\/png\" \/>\n<meta name=\"author\" content=\"Samuel Novaes\" \/>\n<meta name=\"twitter:card\" content=\"summary_large_image\" \/>\n<meta name=\"twitter:label1\" content=\"Written by\" \/>\n\t<meta name=\"twitter:data1\" content=\"Samuel Novaes\" \/>\n<script type=\"application\/ld+json\" class=\"yoast-schema-graph\">{\"@context\":\"https:\/\/schema.org\",\"@graph\":[{\"@type\":\"Article\",\"@id\":\"https:\/\/nacuia.org\/pt_br\/festival-kuyera\/#article\",\"isPartOf\":{\"@id\":\"https:\/\/nacuia.org\/pt_br\/festival-kuyera\/\"},\"author\":{\"name\":\"Samuel Novaes\",\"@id\":\"https:\/\/nacuia.org\/#\/schema\/person\/79e974fec500009f970d4042fcd45530\"},\"headline\":\"Climart\",\"datePublished\":\"2025-09-08T16:18:04+00:00\",\"dateModified\":\"2025-10-07T19:09:35+00:00\",\"mainEntityOfPage\":{\"@id\":\"https:\/\/nacuia.org\/pt_br\/festival-kuyera\/\"},\"wordCount\":37,\"commentCount\":0,\"image\":{\"@id\":\"https:\/\/nacuia.org\/pt_br\/festival-kuyera\/#primaryimage\"},\"thumbnailUrl\":\"https:\/\/nacuia.org\/wp-content\/uploads\/2025\/09\/Climart.png\",\"keywords\":[\"Projetos\"],\"articleSection\":[\"Projetos\"],\"inLanguage\":\"en-US\",\"potentialAction\":[{\"@type\":\"CommentAction\",\"name\":\"Comment\",\"target\":[\"https:\/\/nacuia.org\/pt_br\/festival-kuyera\/#respond\"]}]},{\"@type\":\"WebPage\",\"@id\":\"https:\/\/nacuia.org\/pt_br\/festival-kuyera\/\",\"url\":\"https:\/\/nacuia.org\/pt_br\/festival-kuyera\/\",\"name\":\"Climart - NA CUIA\",\"isPartOf\":{\"@id\":\"https:\/\/nacuia.org\/#website\"},\"primaryImageOfPage\":{\"@id\":\"https:\/\/nacuia.org\/pt_br\/festival-kuyera\/#primaryimage\"},\"image\":{\"@id\":\"https:\/\/nacuia.org\/pt_br\/festival-kuyera\/#primaryimage\"},\"thumbnailUrl\":\"https:\/\/nacuia.org\/wp-content\/uploads\/2025\/09\/Climart.png\",\"datePublished\":\"2025-09-08T16:18:04+00:00\",\"dateModified\":\"2025-10-07T19:09:35+00:00\",\"author\":{\"@id\":\"https:\/\/nacuia.org\/#\/schema\/person\/79e974fec500009f970d4042fcd45530\"},\"breadcrumb\":{\"@id\":\"https:\/\/nacuia.org\/pt_br\/festival-kuyera\/#breadcrumb\"},\"inLanguage\":\"en-US\",\"potentialAction\":[{\"@type\":\"ReadAction\",\"target\":[\"https:\/\/nacuia.org\/pt_br\/festival-kuyera\/\"]}]},{\"@type\":\"ImageObject\",\"inLanguage\":\"en-US\",\"@id\":\"https:\/\/nacuia.org\/pt_br\/festival-kuyera\/#primaryimage\",\"url\":\"https:\/\/nacuia.org\/wp-content\/uploads\/2025\/09\/Climart.png\",\"contentUrl\":\"https:\/\/nacuia.org\/wp-content\/uploads\/2025\/09\/Climart.png\",\"width\":1920,\"height\":1080,\"caption\":\"Climart Plataforma de ARTivismo Clim\u00e1tico que mobiliza crian\u00e7as, adolescentes e jovens para dialogar sobre mudan\u00e7as clim\u00e1ticas atrav\u00e9s de oficinas de reciclagem, colagem, m\u00fasica, misturando arte com consci\u00eancia ambiental.\"},{\"@type\":\"BreadcrumbList\",\"@id\":\"https:\/\/nacuia.org\/pt_br\/festival-kuyera\/#breadcrumb\",\"itemListElement\":[{\"@type\":\"ListItem\",\"position\":1,\"name\":\"In\u00edcio\",\"item\":\"https:\/\/nacuia.org\/\"},{\"@type\":\"ListItem\",\"position\":2,\"name\":\"Climart\"}]},{\"@type\":\"WebSite\",\"@id\":\"https:\/\/nacuia.org\/#website\",\"url\":\"https:\/\/nacuia.org\/\",\"name\":\"NA CUIA\",\"description\":\"Associa\u00e7\u00e3o Cultural\",\"potentialAction\":[{\"@type\":\"SearchAction\",\"target\":{\"@type\":\"EntryPoint\",\"urlTemplate\":\"https:\/\/nacuia.org\/?s={search_term_string}\"},\"query-input\":{\"@type\":\"PropertyValueSpecification\",\"valueRequired\":true,\"valueName\":\"search_term_string\"}}],\"inLanguage\":\"en-US\"},{\"@type\":\"Person\",\"@id\":\"https:\/\/nacuia.org\/#\/schema\/person\/79e974fec500009f970d4042fcd45530\",\"name\":\"Samuel Novaes\",\"image\":{\"@type\":\"ImageObject\",\"inLanguage\":\"en-US\",\"@id\":\"https:\/\/nacuia.org\/#\/schema\/person\/image\/\",\"url\":\"https:\/\/secure.gravatar.com\/avatar\/af180ecd2fe8f0f6aac621c718549ccf61ae66e840bb1724b24de034ebc187ca?s=96&d=mm&r=g\",\"contentUrl\":\"https:\/\/secure.gravatar.com\/avatar\/af180ecd2fe8f0f6aac621c718549ccf61ae66e840bb1724b24de034ebc187ca?s=96&d=mm&r=g\",\"caption\":\"Samuel Novaes\"},\"sameAs\":[\"https:\/\/nacuia.org\"],\"url\":\"https:\/\/nacuia.org\/en\/author\/leonardo\/\"}]}<\/script>\n<!-- \/ Yoast SEO plugin. -->","yoast_head_json":{"title":"Climart - NA CUIA","robots":{"index":"index","follow":"follow","max-snippet":"max-snippet:-1","max-image-preview":"max-image-preview:large","max-video-preview":"max-video-preview:-1"},"canonical":"https:\/\/nacuia.org\/en\/festival-kuyera\/","og_locale":"en_US","og_type":"article","og_title":"Climart - NA CUIA","og_description":"Plataforma de ARTivismo Clim\u00e1tico que mobiliza crian\u00e7as, adolescentes e jovens para dialogar sobre mudan\u00e7as clim\u00e1ticas atrav\u00e9s de oficinas de reciclagem, colagem, m\u00fasica, misturando arte com consci\u00eancia ambiental.\u00a0 SAIBA MAIS","og_url":"https:\/\/nacuia.org\/en\/festival-kuyera\/","og_site_name":"NA CUIA","article_published_time":"2025-09-08T16:18:04+00:00","article_modified_time":"2025-10-07T19:09:35+00:00","og_image":[{"width":1024,"height":576,"url":"https:\/\/nacuia.org\/wp-content\/uploads\/2025\/09\/Climart-1024x576.png","type":"image\/png"}],"author":"Samuel Novaes","twitter_card":"summary_large_image","twitter_misc":{"Written by":"Samuel Novaes"},"schema":{"@context":"https:\/\/schema.org","@graph":[{"@type":"Article","@id":"https:\/\/nacuia.org\/pt_br\/festival-kuyera\/#article","isPartOf":{"@id":"https:\/\/nacuia.org\/pt_br\/festival-kuyera\/"},"author":{"name":"Samuel Novaes","@id":"https:\/\/nacuia.org\/#\/schema\/person\/79e974fec500009f970d4042fcd45530"},"headline":"Climart","datePublished":"2025-09-08T16:18:04+00:00","dateModified":"2025-10-07T19:09:35+00:00","mainEntityOfPage":{"@id":"https:\/\/nacuia.org\/pt_br\/festival-kuyera\/"},"wordCount":37,"commentCount":0,"image":{"@id":"https:\/\/nacuia.org\/pt_br\/festival-kuyera\/#primaryimage"},"thumbnailUrl":"https:\/\/nacuia.org\/wp-content\/uploads\/2025\/09\/Climart.png","keywords":["Projetos"],"articleSection":["Projetos"],"inLanguage":"en-US","potentialAction":[{"@type":"CommentAction","name":"Comment","target":["https:\/\/nacuia.org\/pt_br\/festival-kuyera\/#respond"]}]},{"@type":"WebPage","@id":"https:\/\/nacuia.org\/pt_br\/festival-kuyera\/","url":"https:\/\/nacuia.org\/pt_br\/festival-kuyera\/","name":"Climart - NA CUIA","isPartOf":{"@id":"https:\/\/nacuia.org\/#website"},"primaryImageOfPage":{"@id":"https:\/\/nacuia.org\/pt_br\/festival-kuyera\/#primaryimage"},"image":{"@id":"https:\/\/nacuia.org\/pt_br\/festival-kuyera\/#primaryimage"},"thumbnailUrl":"https:\/\/nacuia.org\/wp-content\/uploads\/2025\/09\/Climart.png","datePublished":"2025-09-08T16:18:04+00:00","dateModified":"2025-10-07T19:09:35+00:00","author":{"@id":"https:\/\/nacuia.org\/#\/schema\/person\/79e974fec500009f970d4042fcd45530"},"breadcrumb":{"@id":"https:\/\/nacuia.org\/pt_br\/festival-kuyera\/#breadcrumb"},"inLanguage":"en-US","potentialAction":[{"@type":"ReadAction","target":["https:\/\/nacuia.org\/pt_br\/festival-kuyera\/"]}]},{"@type":"ImageObject","inLanguage":"en-US","@id":"https:\/\/nacuia.org\/pt_br\/festival-kuyera\/#primaryimage","url":"https:\/\/nacuia.org\/wp-content\/uploads\/2025\/09\/Climart.png","contentUrl":"https:\/\/nacuia.org\/wp-content\/uploads\/2025\/09\/Climart.png","width":1920,"height":1080,"caption":"Climart Plataforma de ARTivismo Clim\u00e1tico que mobiliza crian\u00e7as, adolescentes e jovens para dialogar sobre mudan\u00e7as clim\u00e1ticas atrav\u00e9s de oficinas de reciclagem, colagem, m\u00fasica, misturando arte com consci\u00eancia ambiental."},{"@type":"BreadcrumbList","@id":"https:\/\/nacuia.org\/pt_br\/festival-kuyera\/#breadcrumb","itemListElement":[{"@type":"ListItem","position":1,"name":"In\u00edcio","item":"https:\/\/nacuia.org\/"},{"@type":"ListItem","position":2,"name":"Climart"}]},{"@type":"WebSite","@id":"https:\/\/nacuia.org\/#website","url":"https:\/\/nacuia.org\/","name":"NA CUIA","description":"Associa\u00e7\u00e3o Cultural","potentialAction":[{"@type":"SearchAction","target":{"@type":"EntryPoint","urlTemplate":"https:\/\/nacuia.org\/?s={search_term_string}"},"query-input":{"@type":"PropertyValueSpecification","valueRequired":true,"valueName":"search_term_string"}}],"inLanguage":"en-US"},{"@type":"Person","@id":"https:\/\/nacuia.org\/#\/schema\/person\/79e974fec500009f970d4042fcd45530","name":"Samuel Novaes","image":{"@type":"ImageObject","inLanguage":"en-US","@id":"https:\/\/nacuia.org\/#\/schema\/person\/image\/","url":"https:\/\/secure.gravatar.com\/avatar\/af180ecd2fe8f0f6aac621c718549ccf61ae66e840bb1724b24de034ebc187ca?s=96&d=mm&r=g","contentUrl":"https:\/\/secure.gravatar.com\/avatar\/af180ecd2fe8f0f6aac621c718549ccf61ae66e840bb1724b24de034ebc187ca?s=96&d=mm&r=g","caption":"Samuel Novaes"},"sameAs":["https:\/\/nacuia.org"],"url":"https:\/\/nacuia.org\/en\/author\/leonardo\/"}]}},"_links":{"self":[{"href":"https:\/\/nacuia.org\/en\/wp-json\/wp\/v2\/posts\/1284","targetHints":{"allow":["GET"]}}],"collection":[{"href":"https:\/\/nacuia.org\/en\/wp-json\/wp\/v2\/posts"}],"about":[{"href":"https:\/\/nacuia.org\/en\/wp-json\/wp\/v2\/types\/post"}],"author":[{"embeddable":true,"href":"https:\/\/nacuia.org\/en\/wp-json\/wp\/v2\/users\/1"}],"replies":[{"embeddable":true,"href":"https:\/\/nacuia.org\/en\/wp-json\/wp\/v2\/comments?post=1284"}],"version-history":[{"count":5,"href":"https:\/\/nacuia.org\/en\/wp-json\/wp\/v2\/posts\/1284\/revisions"}],"predecessor-version":[{"id":1525,"href":"https:\/\/nacuia.org\/en\/wp-json\/wp\/v2\/posts\/1284\/revisions\/1525"}],"wp:featuredmedia":[{"embeddable":true,"href":"https:\/\/nacuia.org\/en\/wp-json\/wp\/v2\/media\/1521"}],"wp:attachment":[{"href":"https:\/\/nacuia.org\/en\/wp-json\/wp\/v2\/media?parent=1284"}],"wp:term":[{"taxonomy":"category","embeddable":true,"href":"https:\/\/nacuia.org\/en\/wp-json\/wp\/v2\/categories?post=1284"},{"taxonomy":"post_tag","embeddable":true,"href":"https:\/\/nacuia.org\/en\/wp-json\/wp\/v2\/tags?post=1284"}],"curies":[{"name":"wp","href":"https:\/\/api.w.org\/{rel}","templated":true}]}}