{"id":1282,"date":"2025-09-08T13:17:23","date_gmt":"2025-09-08T16:17:23","guid":{"rendered":"https:\/\/nacuia.org\/?p=1282"},"modified":"2025-10-07T16:09:26","modified_gmt":"2025-10-07T19:09:26","slug":"cuidando-delas","status":"publish","type":"post","link":"https:\/\/nacuia.org\/en\/cuidando-delas\/","title":{"rendered":"Cuidando Delas"},"content":{"rendered":"<div data-elementor-type=\"wp-post\" data-elementor-id=\"1282\" class=\"elementor elementor-1282\" data-elementor-post-type=\"post\">\n\t\t\t\t<div class=\"elementor-element elementor-element-5ee5222 e-flex e-con-boxed e-con e-parent\" data-id=\"5ee5222\" data-element_type=\"container\" data-e-type=\"container\">\n\t\t\t\t\t<div class=\"e-con-inner\">\n\t\t\t\t<div class=\"elementor-element elementor-element-4e873e6 elementor-widget elementor-widget-text-editor\" data-id=\"4e873e6\" data-element_type=\"widget\" data-e-type=\"widget\" data-widget_type=\"text-editor.default\">\n\t\t\t\t<div class=\"elementor-widget-container\">\n\t\t\t\t\t\t\t\t\t<p><span style=\"font-weight: 400;\">Programa de escuta e democratiza\u00e7\u00e3o de informa\u00e7\u00f5es voltado para ativistas e defensores de direitos humanos. A iniciativa promove o cuidado individual e coletivo, criando espa\u00e7os seguros que possibilitam o fortalecimento da resili\u00eancia e a continuidade das lutas sociais. O objetivo \u00e9 apoiar quem est\u00e1 na linha de frente, garantindo acolhimento, acesso a informa\u00e7\u00f5es e pr\u00e1ticas de bem-viver.<\/span><\/p>\t\t\t\t\t\t\t\t<\/div>\n\t\t\t\t<\/div>\n\t\t\t\t<div class=\"elementor-element elementor-element-b49f9a0 elementor-mobile-align-center elementor-widget elementor-widget-button\" data-id=\"b49f9a0\" data-element_type=\"widget\" data-e-type=\"widget\" data-widget_type=\"button.default\">\n\t\t\t\t<div class=\"elementor-widget-container\">\n\t\t\t\t\t\t\t\t\t<div class=\"elementor-button-wrapper\">\n\t\t\t\t\t<a class=\"elementor-button elementor-button-link elementor-size-sm\" href=\"https:\/\/www.canva.com\/design\/DAGz6yA86lM\/55y-V_34XID9qtYzOtQCSg\/view?utm_content=DAGz6yA86lM&#038;utm_campaign=designshare&#038;utm_medium=link2&#038;utm_source=uniquelinks&#038;utlId=h563ee50cb6%20\">\n\t\t\t\t\t\t<span class=\"elementor-button-content-wrapper\">\n\t\t\t\t\t\t\t\t\t<span class=\"elementor-button-text\">Click here <\/span>\n\t\t\t\t\t<\/span>\n\t\t\t\t\t<\/a>\n\t\t\t\t<\/div>\n\t\t\t\t\t\t\t\t<\/div>\n\t\t\t\t<\/div>\n\t\t\t\t\t<\/div>\n\t\t\t\t<\/div>\n\t\t<div class=\"elementor-element elementor-element-0eba7ac e-flex e-con-boxed e-con e-parent\" data-id=\"0eba7ac\" data-element_type=\"container\" data-e-type=\"container\">\n\t\t\t\t\t<div class=\"e-con-inner\">\n\t\t\t\t<div class=\"elementor-element elementor-element-64b9341 elementor-widget elementor-widget-image\" data-id=\"64b9341\" data-element_type=\"widget\" data-e-type=\"widget\" data-widget_type=\"image.default\">\n\t\t\t\t<div class=\"elementor-widget-container\">\n\t\t\t\t\t\t\t\t\t\t\t\t\t\t\t<img fetchpriority=\"high\" width=\"800\" height=\"450\" src=\"https:\/\/nacuia.org\/wp-content\/uploads\/2025\/09\/IMG_1853-1024x576.png\" class=\"attachment-large size-large wp-image-1526\" alt=\"Programa de escuta e democratiza\u00e7\u00e3o de informa\u00e7\u00f5es voltado para ativistas e defensores de direitos humanos. A iniciativa promove o cuidado individual e coletivo, criando espa\u00e7os seguros que possibilitam o fortalecimento da resili\u00eancia e a continuidade das lutas sociais. O objetivo \u00e9 apoiar quem est\u00e1 na linha de frente, garantindo acolhimento, acesso a informa\u00e7\u00f5es e pr\u00e1ticas de bem-viver.\" decoding=\"async\" srcset=\"https:\/\/nacuia.org\/wp-content\/uploads\/2025\/09\/IMG_1853-1024x576.png 1024w, https:\/\/nacuia.org\/wp-content\/uploads\/2025\/09\/IMG_1853-300x169.png 300w, https:\/\/nacuia.org\/wp-content\/uploads\/2025\/09\/IMG_1853-768x432.png 768w, https:\/\/nacuia.org\/wp-content\/uploads\/2025\/09\/IMG_1853-1536x864.png 1536w, https:\/\/nacuia.org\/wp-content\/uploads\/2025\/09\/IMG_1853-2048x1152.png 2048w, https:\/\/nacuia.org\/wp-content\/uploads\/2025\/09\/IMG_1853-18x10.png 18w\" sizes=\"(max-width: 800px) 100vw, 800px\" \/>\t\t\t\t\t\t\t\t\t\t\t\t\t\t\t<\/div>\n\t\t\t\t<\/div>\n\t\t\t\t\t<\/div>\n\t\t\t\t<\/div>\n\t\t<div class=\"elementor-element elementor-element-c2039af e-flex e-con-boxed e-con e-parent\" data-id=\"c2039af\" data-element_type=\"container\" data-e-type=\"container\">\n\t\t\t\t\t<div class=\"e-con-inner\">\n\t\t\t\t\t<\/div>\n\t\t\t\t<\/div>\n\t\t\t\t<\/div>","protected":false},"excerpt":{"rendered":"<p>Programa de escuta e democratiza\u00e7\u00e3o de informa\u00e7\u00f5es voltado para ativistas e defensores de direitos humanos. A iniciativa promove o cuidado individual e coletivo, criando espa\u00e7os seguros que possibilitam o fortalecimento da resili\u00eancia e a continuidade das lutas sociais. O objetivo \u00e9 apoiar quem est\u00e1 na linha de frente, garantindo acolhimento, acesso a informa\u00e7\u00f5es e pr\u00e1ticas [&hellip;]<\/p>\n","protected":false},"author":1,"featured_media":1527,"comment_status":"open","ping_status":"open","sticky":false,"template":"","format":"standard","meta":{"footnotes":""},"categories":[7],"tags":[28],"class_list":["post-1282","post","type-post","status-publish","format-standard","has-post-thumbnail","hentry","category-projetos","tag-projetos"],"yoast_head":"<!-- This site is optimized with the Yoast SEO plugin v27.0 - https:\/\/yoast.com\/product\/yoast-seo-wordpress\/ -->\n<title>Cuidando Delas - NA CUIA<\/title>\n<meta name=\"robots\" content=\"index, follow, max-snippet:-1, max-image-preview:large, max-video-preview:-1\" \/>\n<link rel=\"canonical\" href=\"https:\/\/nacuia.org\/en\/cuidando-delas\/\" \/>\n<meta property=\"og:locale\" content=\"en_US\" \/>\n<meta property=\"og:type\" content=\"article\" \/>\n<meta property=\"og:title\" content=\"Cuidando Delas - NA CUIA\" \/>\n<meta property=\"og:description\" content=\"Programa de escuta e democratiza\u00e7\u00e3o de informa\u00e7\u00f5es voltado para ativistas e defensores de direitos humanos. A iniciativa promove o cuidado individual e coletivo, criando espa\u00e7os seguros que possibilitam o fortalecimento da resili\u00eancia e a continuidade das lutas sociais. O objetivo \u00e9 apoiar quem est\u00e1 na linha de frente, garantindo acolhimento, acesso a informa\u00e7\u00f5es e pr\u00e1ticas [&hellip;]\" \/>\n<meta property=\"og:url\" content=\"https:\/\/nacuia.org\/en\/cuidando-delas\/\" \/>\n<meta property=\"og:site_name\" content=\"NA CUIA\" \/>\n<meta property=\"article:published_time\" content=\"2025-09-08T16:17:23+00:00\" \/>\n<meta property=\"article:modified_time\" content=\"2025-10-07T19:09:26+00:00\" \/>\n<meta property=\"og:image\" content=\"https:\/\/nacuia.org\/wp-content\/uploads\/2025\/09\/Cuidando-Delas-1024x576.png\" \/>\n\t<meta property=\"og:image:width\" content=\"1024\" \/>\n\t<meta property=\"og:image:height\" content=\"576\" \/>\n\t<meta property=\"og:image:type\" content=\"image\/png\" \/>\n<meta name=\"author\" content=\"Samuel Novaes\" \/>\n<meta name=\"twitter:card\" content=\"summary_large_image\" \/>\n<meta name=\"twitter:label1\" content=\"Written by\" \/>\n\t<meta name=\"twitter:data1\" content=\"Samuel Novaes\" \/>\n<script type=\"application\/ld+json\" class=\"yoast-schema-graph\">{\"@context\":\"https:\/\/schema.org\",\"@graph\":[{\"@type\":\"Article\",\"@id\":\"https:\/\/nacuia.org\/pt_br\/cuidando-delas\/#article\",\"isPartOf\":{\"@id\":\"https:\/\/nacuia.org\/pt_br\/cuidando-delas\/\"},\"author\":{\"name\":\"Samuel Novaes\",\"@id\":\"https:\/\/nacuia.org\/#\/schema\/person\/79e974fec500009f970d4042fcd45530\"},\"headline\":\"Cuidando Delas\",\"datePublished\":\"2025-09-08T16:17:23+00:00\",\"dateModified\":\"2025-10-07T19:09:26+00:00\",\"mainEntityOfPage\":{\"@id\":\"https:\/\/nacuia.org\/pt_br\/cuidando-delas\/\"},\"wordCount\":66,\"commentCount\":0,\"image\":{\"@id\":\"https:\/\/nacuia.org\/pt_br\/cuidando-delas\/#primaryimage\"},\"thumbnailUrl\":\"https:\/\/nacuia.org\/wp-content\/uploads\/2025\/09\/Cuidando-Delas.png\",\"keywords\":[\"Projetos\"],\"articleSection\":[\"Projetos\"],\"inLanguage\":\"en-US\",\"potentialAction\":[{\"@type\":\"CommentAction\",\"name\":\"Comment\",\"target\":[\"https:\/\/nacuia.org\/pt_br\/cuidando-delas\/#respond\"]}]},{\"@type\":\"WebPage\",\"@id\":\"https:\/\/nacuia.org\/pt_br\/cuidando-delas\/\",\"url\":\"https:\/\/nacuia.org\/pt_br\/cuidando-delas\/\",\"name\":\"Cuidando Delas - NA CUIA\",\"isPartOf\":{\"@id\":\"https:\/\/nacuia.org\/#website\"},\"primaryImageOfPage\":{\"@id\":\"https:\/\/nacuia.org\/pt_br\/cuidando-delas\/#primaryimage\"},\"image\":{\"@id\":\"https:\/\/nacuia.org\/pt_br\/cuidando-delas\/#primaryimage\"},\"thumbnailUrl\":\"https:\/\/nacuia.org\/wp-content\/uploads\/2025\/09\/Cuidando-Delas.png\",\"datePublished\":\"2025-09-08T16:17:23+00:00\",\"dateModified\":\"2025-10-07T19:09:26+00:00\",\"author\":{\"@id\":\"https:\/\/nacuia.org\/#\/schema\/person\/79e974fec500009f970d4042fcd45530\"},\"breadcrumb\":{\"@id\":\"https:\/\/nacuia.org\/pt_br\/cuidando-delas\/#breadcrumb\"},\"inLanguage\":\"en-US\",\"potentialAction\":[{\"@type\":\"ReadAction\",\"target\":[\"https:\/\/nacuia.org\/pt_br\/cuidando-delas\/\"]}]},{\"@type\":\"ImageObject\",\"inLanguage\":\"en-US\",\"@id\":\"https:\/\/nacuia.org\/pt_br\/cuidando-delas\/#primaryimage\",\"url\":\"https:\/\/nacuia.org\/wp-content\/uploads\/2025\/09\/Cuidando-Delas.png\",\"contentUrl\":\"https:\/\/nacuia.org\/wp-content\/uploads\/2025\/09\/Cuidando-Delas.png\",\"width\":4032,\"height\":2268,\"caption\":\"Programa de escuta e democratiza\u00e7\u00e3o de informa\u00e7\u00f5es voltado para ativistas e defensores de direitos humanos. A iniciativa promove o cuidado individual e coletivo, criando espa\u00e7os seguros que possibilitam o fortalecimento da resili\u00eancia e a continuidade das lutas sociais. O objetivo \u00e9 apoiar quem est\u00e1 na linha de frente, garantindo acolhimento, acesso a informa\u00e7\u00f5es e pr\u00e1ticas de bem-viver.\"},{\"@type\":\"BreadcrumbList\",\"@id\":\"https:\/\/nacuia.org\/pt_br\/cuidando-delas\/#breadcrumb\",\"itemListElement\":[{\"@type\":\"ListItem\",\"position\":1,\"name\":\"In\u00edcio\",\"item\":\"https:\/\/nacuia.org\/\"},{\"@type\":\"ListItem\",\"position\":2,\"name\":\"Cuidando Delas\"}]},{\"@type\":\"WebSite\",\"@id\":\"https:\/\/nacuia.org\/#website\",\"url\":\"https:\/\/nacuia.org\/\",\"name\":\"NA CUIA\",\"description\":\"Associa\u00e7\u00e3o Cultural\",\"potentialAction\":[{\"@type\":\"SearchAction\",\"target\":{\"@type\":\"EntryPoint\",\"urlTemplate\":\"https:\/\/nacuia.org\/?s={search_term_string}\"},\"query-input\":{\"@type\":\"PropertyValueSpecification\",\"valueRequired\":true,\"valueName\":\"search_term_string\"}}],\"inLanguage\":\"en-US\"},{\"@type\":\"Person\",\"@id\":\"https:\/\/nacuia.org\/#\/schema\/person\/79e974fec500009f970d4042fcd45530\",\"name\":\"Samuel Novaes\",\"image\":{\"@type\":\"ImageObject\",\"inLanguage\":\"en-US\",\"@id\":\"https:\/\/nacuia.org\/#\/schema\/person\/image\/\",\"url\":\"https:\/\/secure.gravatar.com\/avatar\/af180ecd2fe8f0f6aac621c718549ccf61ae66e840bb1724b24de034ebc187ca?s=96&d=mm&r=g\",\"contentUrl\":\"https:\/\/secure.gravatar.com\/avatar\/af180ecd2fe8f0f6aac621c718549ccf61ae66e840bb1724b24de034ebc187ca?s=96&d=mm&r=g\",\"caption\":\"Samuel Novaes\"},\"sameAs\":[\"https:\/\/nacuia.org\"],\"url\":\"https:\/\/nacuia.org\/en\/author\/leonardo\/\"}]}<\/script>\n<!-- \/ Yoast SEO plugin. -->","yoast_head_json":{"title":"Cuidando Delas - NA CUIA","robots":{"index":"index","follow":"follow","max-snippet":"max-snippet:-1","max-image-preview":"max-image-preview:large","max-video-preview":"max-video-preview:-1"},"canonical":"https:\/\/nacuia.org\/en\/cuidando-delas\/","og_locale":"en_US","og_type":"article","og_title":"Cuidando Delas - NA CUIA","og_description":"Programa de escuta e democratiza\u00e7\u00e3o de informa\u00e7\u00f5es voltado para ativistas e defensores de direitos humanos. A iniciativa promove o cuidado individual e coletivo, criando espa\u00e7os seguros que possibilitam o fortalecimento da resili\u00eancia e a continuidade das lutas sociais. O objetivo \u00e9 apoiar quem est\u00e1 na linha de frente, garantindo acolhimento, acesso a informa\u00e7\u00f5es e pr\u00e1ticas [&hellip;]","og_url":"https:\/\/nacuia.org\/en\/cuidando-delas\/","og_site_name":"NA CUIA","article_published_time":"2025-09-08T16:17:23+00:00","article_modified_time":"2025-10-07T19:09:26+00:00","og_image":[{"width":1024,"height":576,"url":"https:\/\/nacuia.org\/wp-content\/uploads\/2025\/09\/Cuidando-Delas-1024x576.png","type":"image\/png"}],"author":"Samuel Novaes","twitter_card":"summary_large_image","twitter_misc":{"Written by":"Samuel Novaes"},"schema":{"@context":"https:\/\/schema.org","@graph":[{"@type":"Article","@id":"https:\/\/nacuia.org\/pt_br\/cuidando-delas\/#article","isPartOf":{"@id":"https:\/\/nacuia.org\/pt_br\/cuidando-delas\/"},"author":{"name":"Samuel Novaes","@id":"https:\/\/nacuia.org\/#\/schema\/person\/79e974fec500009f970d4042fcd45530"},"headline":"Cuidando Delas","datePublished":"2025-09-08T16:17:23+00:00","dateModified":"2025-10-07T19:09:26+00:00","mainEntityOfPage":{"@id":"https:\/\/nacuia.org\/pt_br\/cuidando-delas\/"},"wordCount":66,"commentCount":0,"image":{"@id":"https:\/\/nacuia.org\/pt_br\/cuidando-delas\/#primaryimage"},"thumbnailUrl":"https:\/\/nacuia.org\/wp-content\/uploads\/2025\/09\/Cuidando-Delas.png","keywords":["Projetos"],"articleSection":["Projetos"],"inLanguage":"en-US","potentialAction":[{"@type":"CommentAction","name":"Comment","target":["https:\/\/nacuia.org\/pt_br\/cuidando-delas\/#respond"]}]},{"@type":"WebPage","@id":"https:\/\/nacuia.org\/pt_br\/cuidando-delas\/","url":"https:\/\/nacuia.org\/pt_br\/cuidando-delas\/","name":"Cuidando Delas - NA CUIA","isPartOf":{"@id":"https:\/\/nacuia.org\/#website"},"primaryImageOfPage":{"@id":"https:\/\/nacuia.org\/pt_br\/cuidando-delas\/#primaryimage"},"image":{"@id":"https:\/\/nacuia.org\/pt_br\/cuidando-delas\/#primaryimage"},"thumbnailUrl":"https:\/\/nacuia.org\/wp-content\/uploads\/2025\/09\/Cuidando-Delas.png","datePublished":"2025-09-08T16:17:23+00:00","dateModified":"2025-10-07T19:09:26+00:00","author":{"@id":"https:\/\/nacuia.org\/#\/schema\/person\/79e974fec500009f970d4042fcd45530"},"breadcrumb":{"@id":"https:\/\/nacuia.org\/pt_br\/cuidando-delas\/#breadcrumb"},"inLanguage":"en-US","potentialAction":[{"@type":"ReadAction","target":["https:\/\/nacuia.org\/pt_br\/cuidando-delas\/"]}]},{"@type":"ImageObject","inLanguage":"en-US","@id":"https:\/\/nacuia.org\/pt_br\/cuidando-delas\/#primaryimage","url":"https:\/\/nacuia.org\/wp-content\/uploads\/2025\/09\/Cuidando-Delas.png","contentUrl":"https:\/\/nacuia.org\/wp-content\/uploads\/2025\/09\/Cuidando-Delas.png","width":4032,"height":2268,"caption":"Programa de escuta e democratiza\u00e7\u00e3o de informa\u00e7\u00f5es voltado para ativistas e defensores de direitos humanos. A iniciativa promove o cuidado individual e coletivo, criando espa\u00e7os seguros que possibilitam o fortalecimento da resili\u00eancia e a continuidade das lutas sociais. O objetivo \u00e9 apoiar quem est\u00e1 na linha de frente, garantindo acolhimento, acesso a informa\u00e7\u00f5es e pr\u00e1ticas de bem-viver."},{"@type":"BreadcrumbList","@id":"https:\/\/nacuia.org\/pt_br\/cuidando-delas\/#breadcrumb","itemListElement":[{"@type":"ListItem","position":1,"name":"In\u00edcio","item":"https:\/\/nacuia.org\/"},{"@type":"ListItem","position":2,"name":"Cuidando Delas"}]},{"@type":"WebSite","@id":"https:\/\/nacuia.org\/#website","url":"https:\/\/nacuia.org\/","name":"NA CUIA","description":"Associa\u00e7\u00e3o Cultural","potentialAction":[{"@type":"SearchAction","target":{"@type":"EntryPoint","urlTemplate":"https:\/\/nacuia.org\/?s={search_term_string}"},"query-input":{"@type":"PropertyValueSpecification","valueRequired":true,"valueName":"search_term_string"}}],"inLanguage":"en-US"},{"@type":"Person","@id":"https:\/\/nacuia.org\/#\/schema\/person\/79e974fec500009f970d4042fcd45530","name":"Samuel Novaes","image":{"@type":"ImageObject","inLanguage":"en-US","@id":"https:\/\/nacuia.org\/#\/schema\/person\/image\/","url":"https:\/\/secure.gravatar.com\/avatar\/af180ecd2fe8f0f6aac621c718549ccf61ae66e840bb1724b24de034ebc187ca?s=96&d=mm&r=g","contentUrl":"https:\/\/secure.gravatar.com\/avatar\/af180ecd2fe8f0f6aac621c718549ccf61ae66e840bb1724b24de034ebc187ca?s=96&d=mm&r=g","caption":"Samuel Novaes"},"sameAs":["https:\/\/nacuia.org"],"url":"https:\/\/nacuia.org\/en\/author\/leonardo\/"}]}},"_links":{"self":[{"href":"https:\/\/nacuia.org\/en\/wp-json\/wp\/v2\/posts\/1282","targetHints":{"allow":["GET"]}}],"collection":[{"href":"https:\/\/nacuia.org\/en\/wp-json\/wp\/v2\/posts"}],"about":[{"href":"https:\/\/nacuia.org\/en\/wp-json\/wp\/v2\/types\/post"}],"author":[{"embeddable":true,"href":"https:\/\/nacuia.org\/en\/wp-json\/wp\/v2\/users\/1"}],"replies":[{"embeddable":true,"href":"https:\/\/nacuia.org\/en\/wp-json\/wp\/v2\/comments?post=1282"}],"version-history":[{"count":7,"href":"https:\/\/nacuia.org\/en\/wp-json\/wp\/v2\/posts\/1282\/revisions"}],"predecessor-version":[{"id":1533,"href":"https:\/\/nacuia.org\/en\/wp-json\/wp\/v2\/posts\/1282\/revisions\/1533"}],"wp:featuredmedia":[{"embeddable":true,"href":"https:\/\/nacuia.org\/en\/wp-json\/wp\/v2\/media\/1527"}],"wp:attachment":[{"href":"https:\/\/nacuia.org\/en\/wp-json\/wp\/v2\/media?parent=1282"}],"wp:term":[{"taxonomy":"category","embeddable":true,"href":"https:\/\/nacuia.org\/en\/wp-json\/wp\/v2\/categories?post=1282"},{"taxonomy":"post_tag","embeddable":true,"href":"https:\/\/nacuia.org\/en\/wp-json\/wp\/v2\/tags?post=1282"}],"curies":[{"name":"wp","href":"https:\/\/api.w.org\/{rel}","templated":true}]}}